{"id":8120,"date":"2024-02-23T04:30:00","date_gmt":"2024-02-23T04:30:00","guid":{"rendered":"https:\/\/viagenselugaress.com\/%f0%9f%8c%b3-municipal-natural-park-and-city-history-museum-a-real-refuge-in-gavea\/"},"modified":"2026-04-06T21:42:20","modified_gmt":"2026-04-06T21:42:20","slug":"municipal-park-gavea","status":"publish","type":"post","link":"https:\/\/viagenselugaress.com\/en\/municipal-park-gavea\/","title":{"rendered":"\ud83c\udf33 Municipal Natural Park and City History Museum: a real refuge in G\u00e1vea"},"content":{"rendered":"\n<p>That place that makes you think it&#8217;s not Rio?<\/p>\n\n<p>That you go in thinking you\u2019ll just take a quick stroll\u2026 and when you realize you\u2019re already sitting on the grass, taking a deep breath and thinking \u201chow had I never come here before?\u201d<\/p>\n\n<p>That\u2019s exactly what I felt when I visited the <strong>G\u00e1vea Municipal Park and City Museum<\/strong>, in G\u00e1vea.<\/p>\n\n<p>While everyone rushes to the beach or the classic landmarks, there is a hidden green refuge in the South Zone that blends nature, history and silence. And silence in Rio, my friend\u2026 is luxury.<\/p>\n\n<hr class=\"wp-block-separator has-alpha-channel-opacity\" \/>\n<style>.kb-table-of-content-nav.kb-table-of-content-id67_90ceef-d2 .kb-table-of-content-wrap{padding-top:var(--global-kb-spacing-sm, 1.5rem);padding-right:var(--global-kb-spacing-sm, 1.5rem);padding-bottom:var(--global-kb-spacing-sm, 1.5rem);padding-left:var(--global-kb-spacing-sm, 1.5rem);}.kb-table-of-content-nav.kb-table-of-content-id67_90ceef-d2 .kb-table-of-contents-title-wrap{padding-top:0px;padding-right:0px;padding-bottom:0px;padding-left:0px;}.kb-table-of-content-nav.kb-table-of-content-id67_90ceef-d2 .kb-table-of-contents-title{font-weight:regular;font-style:normal;}.kb-table-of-content-nav.kb-table-of-content-id67_90ceef-d2 .kb-table-of-content-wrap .kb-table-of-content-list{font-weight:regular;font-style:normal;margin-top:var(--global-kb-spacing-sm, 1.5rem);margin-right:0px;margin-bottom:0px;margin-left:0px;}<\/style>\n<hr class=\"wp-block-separator has-alpha-channel-opacity\" \/>\n\n<h2 class=\"wp-block-heading\">\ud83d\udcca Quick information to help you plan your visit to G\u00e1vea Municipal Park<\/h2>\n\n<figure class=\"wp-block-table\"><table class=\"has-fixed-layout\"><thead><tr><th>Item<\/th><th>Information<\/th><\/tr><\/thead><tbody><tr><td>Entrance<\/td><td>Free<\/td><\/tr><tr><td>Operating hours<\/td><td>\ud83d\uddd3 <strong>Thursday to Sunday<\/strong><br \/>\ud83d\udd58 <strong>9am to 4pm<\/strong><br \/>\ud83c\udf9f <strong>Free admission<\/strong><br \/>\ud83d\udeab Closed on Monday, Tuesday and Wednesday<br \/>\u26a0\ufe0f Important note:<br \/>Temporary events and exhibitions may alter operating hours.<\/td><\/tr><tr><td>Parking<\/td><td>Free<\/td><\/tr><tr><td>Ideal for<\/td><td>Couples, families, relaxed outing<\/td><\/tr><tr><td>Visit duration<\/td><td>1.5 to 2 hours<\/td><\/tr><\/tbody><\/table><\/figure>\n\n<hr class=\"wp-block-separator has-alpha-channel-opacity\" \/>\n\n<h2 class=\"wp-block-heading\">\ud83c\udfdb\ufe0f What you find inside?<\/h2>\n\n<figure class=\"wp-block-gallery has-nested-images columns-default is-cropped wp-block-gallery-1 is-layout-flex wp-block-gallery-is-layout-flex\">\n<figure class=\"wp-block-image size-large\"><img loading=\"lazy\" decoding=\"async\" width=\"768\" height=\"1024\" data-id=\"8017\" src=\"https:\/\/viagenselugaress.com\/wp-content\/uploads\/2024\/02\/20230319_135532-768x1024.jpg\" alt=\"View from the balcony of the City History Museum with Atlantic Forest in G&#xE1;vea\" class=\"wp-image-8017\" title=\"\" srcset=\"https:\/\/viagenselugaress.com\/wp-content\/uploads\/2024\/02\/20230319_135532-768x1024.jpg 768w, https:\/\/viagenselugaress.com\/wp-content\/uploads\/2024\/02\/20230319_135532-225x300.jpg 225w, https:\/\/viagenselugaress.com\/wp-content\/uploads\/2024\/02\/20230319_135532-1152x1536.jpg 1152w, https:\/\/viagenselugaress.com\/wp-content\/uploads\/2024\/02\/20230319_135532-1536x2048.jpg 1536w, https:\/\/viagenselugaress.com\/wp-content\/uploads\/2024\/02\/20230319_135532-scaled.jpg 1920w\" sizes=\"auto, (max-width: 768px) 100vw, 768px\" \/><figcaption class=\"wp-element-caption\">View from the museum balcony with Atlantic Forest and old cannons<\/figcaption><\/figure>\n\n\n\n<figure class=\"wp-block-image size-large\"><img loading=\"lazy\" decoding=\"async\" width=\"768\" height=\"1024\" data-id=\"8019\" src=\"https:\/\/viagenselugaress.com\/wp-content\/uploads\/2024\/02\/parque-natural-municipal-gavea-caminho-pedras-768x1024.jpg\" alt=\"Cobblestone path in G&#xE1;vea Municipal Natural Park in Rio de Janeiro\" class=\"wp-image-8019\" title=\"\" srcset=\"https:\/\/viagenselugaress.com\/wp-content\/uploads\/2024\/02\/parque-natural-municipal-gavea-caminho-pedras-768x1024.jpg 768w, https:\/\/viagenselugaress.com\/wp-content\/uploads\/2024\/02\/parque-natural-municipal-gavea-caminho-pedras-225x300.jpg 225w, https:\/\/viagenselugaress.com\/wp-content\/uploads\/2024\/02\/parque-natural-municipal-gavea-caminho-pedras-1152x1536.jpg 1152w, https:\/\/viagenselugaress.com\/wp-content\/uploads\/2024\/02\/parque-natural-municipal-gavea-caminho-pedras-1536x2048.jpg 1536w, https:\/\/viagenselugaress.com\/wp-content\/uploads\/2024\/02\/parque-natural-municipal-gavea-caminho-pedras-scaled.jpg 1920w\" sizes=\"auto, (max-width: 768px) 100vw, 768px\" \/><figcaption class=\"wp-element-caption\">Internal path of the Municipal Natural Park with a historic arch.<\/figcaption><\/figure>\n\n\n\n<figure class=\"wp-block-image size-large\"><img loading=\"lazy\" decoding=\"async\" width=\"768\" height=\"1024\" data-id=\"8011\" src=\"https:\/\/viagenselugaress.com\/wp-content\/uploads\/2024\/02\/interior-museu-historico-da-cidade-maquete-rio-768x1024.jpg\" alt=\"Interior of the City History Museum with a model of Rio de Janeiro\" class=\"wp-image-8011\" title=\"\" srcset=\"https:\/\/viagenselugaress.com\/wp-content\/uploads\/2024\/02\/interior-museu-historico-da-cidade-maquete-rio-768x1024.jpg 768w, https:\/\/viagenselugaress.com\/wp-content\/uploads\/2024\/02\/interior-museu-historico-da-cidade-maquete-rio-225x300.jpg 225w, https:\/\/viagenselugaress.com\/wp-content\/uploads\/2024\/02\/interior-museu-historico-da-cidade-maquete-rio-1152x1536.jpg 1152w, https:\/\/viagenselugaress.com\/wp-content\/uploads\/2024\/02\/interior-museu-historico-da-cidade-maquete-rio-1536x2048.jpg 1536w, https:\/\/viagenselugaress.com\/wp-content\/uploads\/2024\/02\/interior-museu-historico-da-cidade-maquete-rio-scaled.jpg 1920w\" sizes=\"auto, (max-width: 768px) 100vw, 768px\" \/><figcaption class=\"wp-element-caption\">Interior of the museum with a city model.<\/figcaption><\/figure>\n<\/figure>\n\n<p>The City History Museum operates in a stunning colonial mansion, surrounded by gardens and the Atlantic Forest.<\/p>\n\n<p>Inside you will find:<\/p>\n\n<ul class=\"wp-block-list\">\n<li>Historical photographs of Rio<\/li>\n\n\n\n<li>Models showing the evolution of the city<\/li>\n\n\n\n<li>Sculptures and antique works<\/li>\n\n\n\n<li>Temporary exhibitions<\/li>\n\n\n\n<li>Explanatory panels, such as the meaning of the name Ipanema<\/li>\n<\/ul>\n\n<p>It&#8217;s that kind of peaceful, uncrowded, unhurried stroll.<\/p>\n\n<hr class=\"wp-block-separator has-alpha-channel-opacity\" \/>\n\n<h2 class=\"wp-block-heading\">\ud83d\udcda Full information about City Park<\/h2>\n\n<p>The City Municipal Natural Park, known as G\u00e1vea Park, is a Conservation Unit created in 1941 and covers approximately <strong>470,000 square meters<\/strong>.<\/p>\n\n<p>Part of the area is Atlantic Forest preserved\u2014an extension of Tijuca Forest\u2014and another part consists of wide, manicured lawns, cut by small watercourses that form a lake with an island.<\/p>\n\n<p>The space was once the summer residence of the Marquis of S\u00e3o Vicente. The house built in 1809 now houses the City History Museum, which has undergone restoration in recent years.<\/p>\n\n<hr class=\"wp-block-separator has-alpha-channel-opacity\" \/>\n\n<h2 class=\"wp-block-heading\">\ud83c\udf33 What to do at City Park<\/h2>\n\n<p>Meditation or rest in quieter areas<\/p>\n\n<p>The park is partially fenced and has a Municipal Guard presence, which contributes to a sense of security during opening hours.<\/p>\n\n<ul class=\"wp-block-list\">\n<li>Light walks across the grassy areas<\/li>\n\n\n\n<li>Running on internal paved paths<\/li>\n\n\n\n<li>Picnics with family and friends<\/li>\n\n\n\n<li>Nature and historic architecture photography<\/li>\n\n\n\n<li>Visit the City History Museum mansion<\/li>\n\n\n\n<li>Have coffee at Caf\u00e9 \u00c9pico<\/li>\n\n\n\n<li>Explore small internal trails<\/li>\n\n\n\n<li>Use outdoor gym equipment<\/li>\n\n\n\n<li>Take kids to play in the open spaces<\/li>\n\n\n\n<li>Outdoor reading under the trees<\/li>\n<\/ul>\n\n<hr class=\"wp-block-separator has-alpha-channel-opacity\" \/>\n\n<h2 class=\"wp-block-heading\">\ud83c\udfdb\ufe0f City Museum: a surprise inside the park<\/h2>\n\n<figure class=\"wp-block-image aligncenter size-large is-resized\"><img loading=\"lazy\" decoding=\"async\" width=\"768\" height=\"1024\" src=\"https:\/\/viagenselugaress.com\/wp-content\/uploads\/2024\/02\/significado-ipanema-museu-historico-da-cidade-768x1024.jpg\" alt=\"Panel explaining the meaning of the name Ipanema at the City History Museum\" class=\"wp-image-8015\" style=\"object-fit:cover;width:300px;height:300px\" title=\"\" srcset=\"https:\/\/viagenselugaress.com\/wp-content\/uploads\/2024\/02\/significado-ipanema-museu-historico-da-cidade-768x1024.jpg 768w, https:\/\/viagenselugaress.com\/wp-content\/uploads\/2024\/02\/significado-ipanema-museu-historico-da-cidade-225x300.jpg 225w, https:\/\/viagenselugaress.com\/wp-content\/uploads\/2024\/02\/significado-ipanema-museu-historico-da-cidade-1152x1536.jpg 1152w, https:\/\/viagenselugaress.com\/wp-content\/uploads\/2024\/02\/significado-ipanema-museu-historico-da-cidade-1536x2048.jpg 1536w, https:\/\/viagenselugaress.com\/wp-content\/uploads\/2024\/02\/significado-ipanema-museu-historico-da-cidade-scaled.jpg 1920w\" sizes=\"auto, (max-width: 768px) 100vw, 768px\" \/><figcaption class=\"wp-element-caption\">Etimological explanatory panel about Ipanema.<\/figcaption><\/figure>\n\n<p>In the midst of all this greenery is the <strong>City Museum<\/strong>, housed in a beautiful colonial mansion.<\/p>\n\n<p>I confess: I went with little expectations.<br \/>But when I started looking at the old photos of Rio, the models and the historical documents\u2026 I found myself traveling back in time.<\/p>\n\n<p>You begin to notice how the city has changed. How it grew. How it transformed. It&#8217;s a peaceful, unhurried walk. No crowds. No rush.<\/p>\n\n<p>If you have already read our guide to <\/p>\n\n<p>\ud83d\udc49<a href=\"\\&quot;\/?p=7668\\&quot;\" data-type=\"\\&quot;post\\&quot;\" data-id=\"\\&quot;7668\\&quot;\">What to Do in Rio de Janeiro<\/a><\/p>\n\n<p>You know I always say: this city isn\u2019t all about the beach.<\/p>\n\n<p>And the City Museum proves it.<\/p>\n\n<hr class=\"wp-block-separator has-alpha-channel-opacity\" \/>\n\n<h2 class=\"wp-block-heading\">\ud83c\udfdb\ufe0f A bit of the City Park\u2019s history<\/h2>\n\n<p>The land where the City Municipal Natural Park now operates dates back to the 19th century. The mansion that houses the City History Museum was built around 1809 and was part of the old Morro Queimado estate.<\/p>\n\n<p>Over the years, the property passed through different important owners in Brazilian history, including the Marquis of S\u00e3o Vicente and the Count of Santa Marinha. For a long time, the site was used as a summer residence, taking advantage of the cooler climate of the G\u00e1vea area.<\/p>\n\n<p>In 1939, the property was incorporated into public power and, a few years later, transformed into a municipal park. By 1948, the City History Museum was transferred there, consolidating the space as a cultural center and environmental preservation area.<\/p>\n\n<p>The museum\u2019s collection brings together thousands of pieces that help tell the evolution of Rio de Janeiro \u2014 including sculptures, paintings, antique furniture and historical city records.<\/p>\n\n<p>Today, besides being an important memory point of Rio, the park also functions as an Atlantic Forest preservation area and an extension of Tijuca Forest.<\/p>\n\n<hr class=\"wp-block-separator has-alpha-channel-opacity\" \/>\n\n<h2 class=\"wp-block-heading\">\u2615 Caf\u00e9 \u00c9pico: the tastiest secret of the outing<\/h2>\n\n<figure class=\"wp-block-image aligncenter size-large is-resized\"><img loading=\"lazy\" decoding=\"async\" width=\"344\" height=\"344\" src=\"https:\/\/viagenselugaress.com\/wp-content\/uploads\/2024\/02\/428702857_716057744017117_7836040004563256007_n-344x344.avif\" alt=\"\" class=\"wp-image-8090\" style=\"aspect-ratio:1.7777777777777777;object-fit:cover;width:626px;height:auto\" title=\"\" srcset=\"https:\/\/viagenselugaress.com\/wp-content\/uploads\/2024\/02\/428702857_716057744017117_7836040004563256007_n.avif 344w, https:\/\/viagenselugaress.com\/wp-content\/uploads\/2024\/02\/428702857_716057744017117_7836040004563256007_n-300x300.avif 300w, https:\/\/viagenselugaress.com\/wp-content\/uploads\/2024\/02\/428702857_716057744017117_7836040004563256007_n-150x150.avif 150w\" sizes=\"auto, (max-width: 344px) 100vw, 344px\" \/><\/figure>\n\n<p>After exploring the City History Museum at leisure, I headed down to the <strong>Caf\u00e9 \u00c9pico<\/strong>, which operates inside the park itself.<\/p>\n\n<p>And look&#8230; that&#8217;s where the stroll gains another layer.<\/p>\n\n<p>The environment is integrated with the garden, with that tranquil G\u00e1vea vibe that seems to slow time. No loud music, no rushing. Just the sound of trees, people talking softly, and the smell of fresh coffee in the air.<\/p>\n\n<p>Caf\u00e9 \u00c9pico operates from <strong>Thursday to Sunday and holidays, from 9am to 4pm<\/strong>, exactly the same hours as the museum.<\/p>\n\n<p>Address: Estrada de Santa Marinha, s\/n \u2013 inside the City History Museum.<\/p>\n\n<p>If you can, take a tip: go slow and reserve at least 30 minutes just to enjoy the coffee. Sometimes the best moment of the outing is precisely that.<\/p>\n\n<p>To check for updates and special events, follow the official channels:<\/p>\n\n<ul class=\"wp-block-list\">\n<li>\ud83d\udcf8 <a href=\"\/\/www.instagram.com\/cafeepico.oficial\/\\&quot;\" data-type=\"\\&quot;link\\&quot;\" data-id=\"\\&quot;https:\/\/www.instagram.com\/cafeepico.oficial\/\\&quot;\">Instagram <\/a><\/li>\n\n\n\n<li>\ud83d\udcd8 <a href=\"\/\/www.facebook.com\/CafeEpicoMHC\/\\&quot;\" data-type=\"\\&quot;link\\&quot;\" data-id=\"\\&quot;https:\/\/www.facebook.com\/CafeEpicoMHC\/\\&quot;\">Facebook<\/a><\/li>\n<\/ul>\n\n<hr class=\"wp-block-separator has-alpha-channel-opacity\" \/>\n\n<h2 class=\"wp-block-heading\">\ud83e\udd50 What to order at Caf\u00e9 \u00c9pico?<\/h2>\n\n<p>If you want just a quick coffee, the traditional espresso is about <strong>R$ 10<\/strong> and does the job well.<\/p>\n\n<p>But if the idea is to turn the visit into a full experience, the highlight is the <strong>Complete Brunch<\/strong>, served all day:<\/p>\n\n<ul class=\"wp-block-list\">\n<li>Two beverages (hot or cold)<\/li>\n\n\n\n<li>Yogurt cup<\/li>\n\n\n\n<li>Cheese breads<\/li>\n\n\n\n<li>Slice of homemade cake<\/li>\n\n\n\n<li>Fruit salad<\/li>\n\n\n\n<li>Filled omelets<\/li>\n\n\n\n<li>Cold cuts platter<\/li>\n\n\n\n<li>Petr\u00f3polis toasts with jam and butter<\/li>\n<\/ul>\n\n<p>Approximate price: <strong>R$ 169.90<\/strong>.<\/p>\n\n<p>Additionally, the menu features specialty coffees (Hario V60, French press, cold brew), signature drinks such as the <strong>Espresso Martini<\/strong>, the famous <strong>S&#8217;Mores Martini<\/strong> and refreshing options like Espresso Tonic and Mazagran.<\/p>\n\n<p>In other words: you can go just for the coffee \u2014 even if you already know the museum.<\/p>\n\n<hr class=\"wp-block-separator has-alpha-channel-opacity\" \/>\n\n<h2 class=\"wp-block-heading\">\ud83d\ude97 Is it easy to get there? Yes, and that helps a lot<\/h2>\n<style>.kb-row-layout-id67_7fc8c6-fe > .kt-row-column-wrap{align-content:start;}:where(.kb-row-layout-id67_7fc8c6-fe > .kt-row-column-wrap) > .wp-block-kadence-column{justify-content:start;}.kb-row-layout-id67_7fc8c6-fe > .kt-row-column-wrap{column-gap:var(--global-kb-gap-md, 2rem);row-gap:var(--global-kb-gap-md, 2rem);padding-top:var(--global-kb-spacing-sm, 1.5rem);padding-bottom:var(--global-kb-spacing-sm, 1.5rem);grid-template-columns:repeat(2, minmax(0, 1fr));}.kb-row-layout-id67_7fc8c6-fe > .kt-row-layout-overlay{opacity:0.30;}@media all and (max-width: 1024px){.kb-row-layout-id67_7fc8c6-fe > .kt-row-column-wrap{grid-template-columns:repeat(2, minmax(0, 1fr));}}@media all and (max-width: 767px){.kb-row-layout-id67_7fc8c6-fe > .kt-row-column-wrap{grid-template-columns:minmax(0, 1fr);}}<\/style><div class=\"kb-row-layout-wrap kb-row-layout-id67_7fc8c6-fe alignnone wp-block-kadence-rowlayout\"><div class=\"kt-row-column-wrap kt-has-2-columns kt-row-layout-equal kt-tab-layout-inherit kt-mobile-layout-row kt-row-valign-top\">\n<style>.kadence-column67_a9d05e-2e > .kt-inside-inner-col,.kadence-column67_a9d05e-2e > .kt-inside-inner-col:before{border-top-left-radius:0px;border-top-right-radius:0px;border-bottom-right-radius:0px;border-bottom-left-radius:0px;}.kadence-column67_a9d05e-2e > .kt-inside-inner-col{column-gap:var(--global-kb-gap-sm, 1rem);}.kadence-column67_a9d05e-2e > .kt-inside-inner-col{flex-direction:column;}.kadence-column67_a9d05e-2e > .kt-inside-inner-col > .aligncenter{width:100%;}.kadence-column67_a9d05e-2e > .kt-inside-inner-col:before{opacity:0.3;}.kadence-column67_a9d05e-2e{position:relative;}@media all and (max-width: 1024px){.kadence-column67_a9d05e-2e > .kt-inside-inner-col{flex-direction:column;justify-content:center;}}@media all and (max-width: 767px){.kadence-column67_a9d05e-2e > .kt-inside-inner-col{flex-direction:column;justify-content:center;}}<\/style>\n<div class=\"wp-block-kadence-column kadence-column67_a9d05e-2e\"><div class=\"kt-inside-inner-col\">\n<figure class=\"wp-block-image size-large is-resized is-style-default\"><img loading=\"lazy\" decoding=\"async\" width=\"768\" height=\"1024\" src=\"https:\/\/viagenselugaress.com\/wp-content\/uploads\/2024\/02\/exposicao-fotografica-museu-historico-da-cidade-768x1024.jpg\" alt=\"Photography exhibition at the City History Museum in G&#xE1;vea\" class=\"wp-image-8013\" style=\"object-fit:cover;width:450px;height:450px\" title=\"\" srcset=\"https:\/\/viagenselugaress.com\/wp-content\/uploads\/2024\/02\/exposicao-fotografica-museu-historico-da-cidade-768x1024.jpg 768w, https:\/\/viagenselugaress.com\/wp-content\/uploads\/2024\/02\/exposicao-fotografica-museu-historico-da-cidade-225x300.jpg 225w, https:\/\/viagenselugaress.com\/wp-content\/uploads\/2024\/02\/exposicao-fotografica-museu-historico-da-cidade-1152x1536.jpg 1152w, https:\/\/viagenselugaress.com\/wp-content\/uploads\/2024\/02\/exposicao-fotografica-museu-historico-da-cidade-1536x2048.jpg 1536w, https:\/\/viagenselugaress.com\/wp-content\/uploads\/2024\/02\/exposicao-fotografica-museu-historico-da-cidade-scaled.jpg 1920w\" sizes=\"auto, (max-width: 768px) 100vw, 768px\" \/><figcaption class=\"wp-element-caption\">Temporary photography exhibition.<\/figcaption><\/figure>\n<\/div><\/div>\n\n\n<style>.kadence-column67_5c75df-2c > .kt-inside-inner-col,.kadence-column67_5c75df-2c > .kt-inside-inner-col:before{border-top-left-radius:0px;border-top-right-radius:0px;border-bottom-right-radius:0px;border-bottom-left-radius:0px;}.kadence-column67_5c75df-2c > .kt-inside-inner-col{column-gap:var(--global-kb-gap-sm, 1rem);}.kadence-column67_5c75df-2c > .kt-inside-inner-col{flex-direction:column;}.kadence-column67_5c75df-2c > .kt-inside-inner-col > .aligncenter{width:100%;}.kadence-column67_5c75df-2c > .kt-inside-inner-col:before{opacity:0.3;}.kadence-column67_5c75df-2c{position:relative;}@media all and (max-width: 1024px){.kadence-column67_5c75df-2c > .kt-inside-inner-col{flex-direction:column;justify-content:center;}}@media all and (max-width: 767px){.kadence-column67_5c75df-2c > .kt-inside-inner-col{flex-direction:column;justify-content:center;}}<\/style>\n<div class=\"wp-block-kadence-column kadence-column67_5c75df-2c\"><div class=\"kt-inside-inner-col\">\n<figure class=\"wp-block-image size-large is-resized\"><img loading=\"lazy\" decoding=\"async\" width=\"768\" height=\"1024\" src=\"https:\/\/viagenselugaress.com\/wp-content\/uploads\/2024\/02\/fachada-museu-historico-da-cidade-gavea-rio-768x1024.jpg\" alt=\"Facade of the City History Museum in G&#xE1;vea with hours of operation\" class=\"wp-image-8009\" style=\"object-fit:cover;width:450px;height:450px\" title=\"\" srcset=\"https:\/\/viagenselugaress.com\/wp-content\/uploads\/2024\/02\/fachada-museu-historico-da-cidade-gavea-rio-768x1024.jpg 768w, https:\/\/viagenselugaress.com\/wp-content\/uploads\/2024\/02\/fachada-museu-historico-da-cidade-gavea-rio-225x300.jpg 225w, https:\/\/viagenselugaress.com\/wp-content\/uploads\/2024\/02\/fachada-museu-historico-da-cidade-gavea-rio-1152x1536.jpg 1152w, https:\/\/viagenselugaress.com\/wp-content\/uploads\/2024\/02\/fachada-museu-historico-da-cidade-gavea-rio-1536x2048.jpg 1536w, https:\/\/viagenselugaress.com\/wp-content\/uploads\/2024\/02\/fachada-museu-historico-da-cidade-gavea-rio-scaled.jpg 1920w\" sizes=\"auto, (max-width: 768px) 100vw, 768px\" \/><figcaption class=\"wp-element-caption\">Official facade with hours of operation.<\/figcaption><\/figure>\n<\/div><\/div>\n\n<\/div><\/div>\n<p>One of the things that surprised me the most was the practicality.<\/p>\n\n<p>There is free parking.<br \/>You can take an Uber without drama.<br \/>There are buses that pass nearby.<\/p>\n\n<p>And being in a quiet area of the South Zone, the sense of security is very good.<\/p>\n\n<p>In fact, if you still have doubts about this, I recommend reading also <\/p>\n\n<p>\ud83d\udc49<a href=\"\\&quot;\/?p=7721\\&quot;\" data-type=\"\\&quot;post\\&quot;\" data-id=\"\\&quot;7721\\&quot;\"> Security in Rio de Janeiro 2026<\/a>.<\/p>\n\n<hr class=\"wp-block-separator has-alpha-channel-opacity\" \/>\n\n<h2 class=\"wp-block-heading\">\u2b50 Park ratings on Tripadvisor<\/h2>\n\n<p>If you like checking opinions from other visitors before you go, it\u2019s worth looking at the park\u2019s Tripadvisor reviews.<\/p>\n\n<p>The comments usually highlight:<\/p>\n\n<ul class=\"wp-block-list\">\n<li>Calm and uncrowded environment<\/li>\n\n\n\n<li>Direct contact with nature<\/li>\n\n\n\n<li>Great option for a free cultural outing<\/li>\n\n\n\n<li>Good facilities for families<\/li>\n<\/ul>\n\n<p>\ud83d\udc49 <a href=\"\/\/tripadvisor.tpo.lv\/AlBjwONK\\&quot;\" target=\"\\&quot;_blank\\&quot;\" rel=\"\\&quot;nofollow\">See updated Tripadvisor reviews<\/a><\/p>\n\n<hr class=\"wp-block-separator has-alpha-channel-opacity\" \/>\n\n<h2 class=\"wp-block-heading\">\ud83d\udccd What to do after City Park<\/h2>\n\n<p>If you\u2019re already in G\u00e1vea, enjoy. <br \/>This region allows you to plan a complete South Zone itinerary \u2014 nature in the morning, culture in the afternoon, and gastronomy at the end of the day.<\/p>\n\n<p>Here are great combinations to continue the stroll:<\/p>\n\n<p><strong>\ud83c\udfdb Instituto Moreira Salles (IMS)<\/strong><br \/>One of Rio&#8217;s most elegant cultural spaces, with photography exhibitions, modern architecture and a gorgeous garden. It pairs perfectly with the museum&#8217;s cultural focus.<\/p>\n\n<p><strong>\ud83c\udf04 Vista Chinesa<\/strong><br \/>Classic viewpoint with a panoramic view of the city. Ideal to fit after the morning at the park \u2014 especially if you enjoy open landscapes.<\/p>\n\n<p><strong>\u26ea Convento das Clarissas<\/strong><br \/>Little known, but full of history. Great option for those who enjoy architecture and quieter places.<\/p>\n\n<p><strong>\ud83c\udf05 Leblon Lookout<\/strong><br \/>Want to end the day with sunset? This is the place.<\/p>\n\n<p><strong>\ud83c\udfd6 Leblon or Ipanema Beach<\/strong><br \/>If you want to mix nature + sea on the same day, just head down a few minutes.<\/p>\n\n<p><strong>\ud83c\udfad G\u00e1vea Shopping<\/strong><br \/>Great alternative for a restaurant, cinema or coffee in the late afternoon.<\/p>\n\n<hr class=\"wp-block-separator has-alpha-channel-opacity\" \/>\n\n<h2 class=\"wp-block-heading\">\ud83c\udf9f Tours in G\u00e1vea and surroundings<\/h2>\n\n<p>If you want to complement the day with guided experiences, see some options available in the region:<\/p>\n\n<p>\ud83d\udc49 <a href=\"\/\/viator.tpo.lv\/ULnDOutC\\&quot;\" data-type=\"\\&quot;link\\&quot;\" data-id=\"\\&quot;https:\/\/viator.tpo.lv\/ULnDOutC\\&quot;\">Climb Pedra da G\u00e1vea<\/a><br \/>\ud83d\udc49 <a href=\"\/\/viator.tpo.lv\/o6QtUCXH\\&quot;\" data-type=\"\\&quot;link\\&quot;\" data-id=\"\\&quot;https:\/\/viator.tpo.lv\/o6QtUCXH\\&quot;\">Heaven&#8217;s Throat and Waterfall hike<\/a><br \/>\ud83d\udc49 <a href=\"\/\/viator.tpo.lv\/y3N8Hf7Z\\&quot;\" data-type=\"\\&quot;link\\&quot;\" data-id=\"\\&quot;https:\/\/viator.tpo.lv\/y3N8Hf7Z\\&quot;\">Pedra da G\u00e1vea \u2014 the Rio de Janeiro\u2019s most challenging trail<\/a><\/p>\n\n<p>It&#8217;s always worth checking the latest reviews to see real photos and possible updates.<\/p>\n\n<hr class=\"wp-block-separator has-alpha-channel-opacity\" \/>\n\n<h2 class=\"wp-block-heading\">\ud83d\uddfa\ufe0f Want to plan a complete itinerary?<\/h2>\n\n<p>If you prefer something already organized, our guides can help:<\/p>\n\n<p>\ud83d\udc49 <strong><a href=\"\\&quot;\/?p=5325\\&quot;\" data-type=\"\\&quot;post\\&quot;\" data-id=\"\\&quot;5325\\&quot;\">Rio de Janeiro itinerary day by day<\/a><\/strong><br \/>\ud83d\udc49 <strong><a href=\"\\&quot;\/?p=7668\\&quot;\" data-type=\"\\&quot;post\\&quot;\" data-id=\"\\&quot;7668\\&quot;\">What to Do in Rio de Janeiro<\/a><\/strong><\/p>\n\n<hr class=\"wp-block-separator has-alpha-channel-opacity\" \/>\n\n<h2 class=\"wp-block-heading\">\ud83c\udf7d\ufe0f And then\u2026 where to eat in Rio de Janeiro?<\/h2>\n\n<p>After a relaxed stroll in City Park, nothing better than continuing the experience with good cuisine.<\/p>\n\n<p>G\u00e1vea, Leblon, and Ipanema concentrate some of Rio&#8217;s best restaurants \u2014 from charming caf\u00e9s to more sophisticated establishments.<\/p>\n\n<p>If you want to plan a complete itinerary (nature + culture + good food), I recommend checking our updated guide:<\/p>\n\n<p>\ud83d\udc49 <strong><a href=\"\\&quot;\/?p=7669\\&quot;\" data-type=\"\\&quot;post\\&quot;\" data-id=\"\\&quot;7669\\&quot;\">Where to Eat in Rio de Janeiro<\/a><\/strong><\/p>\n\n<p>Because, after all, traveling well also means eating well.<\/p>\n\n<hr class=\"wp-block-separator has-alpha-channel-opacity\" \/>\n\n<h2 class=\"wp-block-heading\">\u2705 Positive points<\/h2>\n\n<ul class=\"wp-block-list\">\n<li>Free entry<\/li>\n\n\n\n<li>Free on-site parking<\/li>\n\n\n\n<li>Very quiet environment, even on weekends<\/li>\n\n\n\n<li>Good internal signage<\/li>\n\n\n\n<li>Large grassy areas for picnics<\/li>\n\n\n\n<li>Ideal space for families with children<\/li>\n\n\n\n<li>Presence of the Municipal Guard<\/li>\n\n\n\n<li>Restrooms and water fountains<\/li>\n\n\n\n<li>Areas with tables and benches<\/li>\n\n\n\n<li>Outdoor gym equipment<\/li>\n\n\n\n<li>Possibility of easy trails<\/li>\n\n\n\n<li>Good accessibility in parts of the park (ramps and paved paths)<\/li>\n\n\n\n<li>Great option for photography<\/li>\n\n\n\n<li>Direct contact with nature in the South Zone<\/li>\n\n\n\n<li>Includes Caf\u00e9 \u00c9pico within the complex<\/li>\n<\/ul>\n\n<hr class=\"wp-block-separator has-alpha-channel-opacity\" \/>\n\n<h2 class=\"wp-block-heading\">\u26a0\ufe0f Negative points<\/h2>\n\n<ul class=\"wp-block-list\">\n<li>Limited opening hours (closing at 4 PM)<\/li>\n\n\n\n<li>Public transport not very close to the entrance<\/li>\n\n\n\n<li>Some areas may be under maintenance depending on the season<\/li>\n\n\n\n<li>Few nearby shops\/restaurants options<\/li>\n\n\n\n<li>More distant trails require extra attention<\/li>\n\n\n\n<li>It is not a park with structured attractions or frequent guided activities<\/li>\n\n\n\n<li>Cell service can be spotty in some areas<\/li>\n<\/ul>\n\n<hr class=\"wp-block-separator has-alpha-channel-opacity\" \/>\n\n<h2 class=\"wp-block-heading\">\ud83d\udeab Restrictions and rules<\/h2>\n\n<ul class=\"wp-block-list\">\n<li>Domestic animals are not allowed (official park rule)<\/li>\n\n\n\n<li>Camping not allowed<\/li>\n\n\n\n<li>Barbecuing only in specified authorized areas<\/li>\n\n\n\n<li>Loud noises prohibited<\/li>\n\n\n\n<li>Do not enter outside operating hours<\/li>\n<\/ul>\n\n<hr class=\"wp-block-separator has-alpha-channel-opacity\" \/>\n\n<h2 class=\"wp-block-heading\">\u26a0\ufe0f Mistakes that can disrupt your visit<\/h2>\n\n<ul class=\"wp-block-list\">\n<li>Arriving close to closing time<\/li>\n\n\n\n<li>Going with the expectation of something grand<\/li>\n\n\n\n<li>Not bringing water<\/li>\n\n\n\n<li>Do not use insect repellent<\/li>\n<\/ul>\n\n<p>It&#8217;s a simple walk. Go with that expectation.<\/p>\n\n<hr class=\"wp-block-separator has-alpha-channel-opacity\" \/>\n\n<h2 class=\"wp-block-heading\">\ud83d\udd0e Official channels to confirm information<\/h2>\n\n<p>Before visiting, I always recommend checking the official channels. Hours and exhibitions can change on holidays or due to special events.<\/p>\n\n<ul class=\"wp-block-list\">\n<li>\ud83d\udcf8 <a href=\"\/\/www.instagram.com\/pnmcidade\/\\&quot;\" data-type=\"\\&quot;link\\&quot;\" data-id=\"\\&quot;https:\/\/www.instagram.com\/pnmcidade\/\\&quot;\">Official City Park Instagram<\/a><\/li>\n\n\n\n<li>\ud83c\udfdb <a href=\"\/\/riotur.rio\/que_fazer\/parque-natural-municipal-da-cidade\/\\&quot;\" data-type=\"\\&quot;link\\&quot;\" data-id=\"\\&quot;https:\/\/riotur.rio\/que_fazer\/parque-natural-municipal-da-cidade\/\\&quot;\">City Municipal Park<\/a><\/li>\n\n\n\n<li>\ud83d\udccd<a href=\"200715&amp;ictx=111\\&quot;\" data-type=\"\\&quot;link\\&quot;\" data-id=\"\\&quot;https:\/\/www.google.com\/maps?sca_esv=c965cb4cff351783&amp;output=search&amp;q=parque+municipal+da+cidade&amp;source=lnms&amp;fbs=ADc_l-acAb_3MMOAUx0zmbUpgBqRiigBgL2I_pgQa-94zvB05_ZT_Q1Iqs87J7oFoJEw1Ls_drwUUKeeRzaFOg_vD73SsTtQ0Z4-s2S9efqroiTx_PXMQvwVvTwRjdhKhwyRSYfh_XXvkuq3kCMKqjze1O_SH_xJdvTkiBP9Rh1yhwHGUmp9-yg4pm8QJRTndTa5ewb_XBfFiZRgEtkE4gtmjsEWkxFsYg&amp;entry=mc&amp;ved=1t:200715&amp;ictx=111\\&quot;\"> Localiza\u00e7\u00e3o no Google Maps<\/a><\/li>\n<\/ul>\n\n<p>This helps you avoid surprises and arrive knowing exactly what to expect from the visit<\/p>\n\n<hr class=\"wp-block-separator has-alpha-channel-opacity\" \/>\n\n<h2 class=\"wp-block-heading\">\u2753FAQ r\u00e1pido<\/h2>\n\n<p><strong>Is it safe?<\/strong><br \/>Yes, during operating hours it&#8217;s quite safe.<\/p>\n\n<p><strong>Do I need to pay an entrance fee?<\/strong><br \/>No. It&#8217;s free.<\/p>\n\n<p><strong>Is it good for children?<\/strong><br \/>Yes, especially for running on the grass.<\/p>\n\n<p><strong>Can you have a picnic?<\/strong><br \/>Yes.<\/p>\n\n<p><strong>Is it touristy?<\/strong><br \/>Not much\u2014and that&#8217;s part of the charm.<\/p>\n\n<hr class=\"wp-block-separator has-alpha-channel-opacity\" \/>\n\n<h2 class=\"wp-block-heading\">\ud83d\udcac My honest opinion<\/h2>\n\n<p>The City Municipal Natural Park doesn&#8217;t usually appear on Rio&#8217;s &#8216;must-see&#8217; lists.<br \/>It&#8217;s not a postcard spot.<br \/>It&#8217;s not a tourist hotspot.<\/p>\n\n<p>And perhaps that&#8217;s exactly why it&#8217;s so special.<\/p>\n\n<p>There, Rio slows down.<br \/>Greenery dominates.<br \/>Time seems to move differently.<\/p>\n\n<p>It&#8217;s a side of the city almost nobody shows: the historic, quiet Rio, full of memory and surrounded by the Atlantic Forest.<\/p>\n\n<p>It&#8217;s not a hike for those who want action.<br \/>It&#8217;s for those who want to breathe.<\/p>\n\n<p>And when you discover a place like this, a curious thing happens:<br \/>you feel compelled to recommend it to everyone.<\/p>\n\n<p>But at the same time\u2026 you want to keep it to yourself.<\/p>\n\n<hr class=\"wp-block-separator has-alpha-channel-opacity\" \/>\n\n<h2 class=\"wp-block-heading\">\ud83c\udf92 Plan your trip with discounts and strategy<\/h2>\n\n<p>To organize your trip safely and save real money, I always use these tools that I have tested and recommend:<br \/>\ud83d\udc49 See all updated discounts here:<br \/><a href=\"\/\/viagenselugaress.com\/links\/\\&quot;\">https:\/\/viagenselugaress.com\/links\/<\/a><\/p>\n\n<p>\ud83d\udcf2 Join our WhatsApp channel and receive exclusive promotions and tips:<br \/><a href=\"\/\/whatsapp.com\/channel\/0029Vb5Z8jUAe5VyVGMzSw0D\\&quot;\">https:\/\/whatsapp.com\/channel\/0029Vb5Z8jUAe5VyVGMzSw0D<\/a><\/p>\n\n<p>\ud83c\udf0d Access our special links and organized content:<br \/>Viagens e Lugares<br \/><a href=\"\/\/beacons.ai\/viagenselugares\\&quot;\">https:\/\/beacons.ai\/viagenselugares<\/a><\/p>\n\n<p>Rio Random<br \/><a href=\"\/\/beacons.ai\/rioaleatorio\\&quot;\">https:\/\/beacons.ai\/rioaleatorio<\/a><\/p>\n\n<p>Traveling well isn&#8217;t luck. It&#8217;s planning.<br \/>Save this post and use as a reference on your next trip.<\/p>\n","protected":false},"excerpt":{"rendered":"<p>That place that makes you think it&#8217;s not Rio? That you go in thinking you\u2019ll just take a quick stroll\u2026 and when&#8230;<\/p>\n","protected":false},"author":1,"featured_media":8006,"comment_status":"open","ping_status":"open","sticky":false,"template":"","format":"standard","meta":{"_kad_post_transparent":"","_kad_post_title":"","_kad_post_layout":"","_kad_post_sidebar_id":"","_kad_post_content_style":"","_kad_post_vertical_padding":"","_kad_post_feature":"","_kad_post_feature_position":"","_kad_post_header":false,"_kad_post_footer":false,"_kad_post_classname":"","footnotes":""},"categories":[364,325],"tags":[],"class_list":["post-8120","post","type-post","status-publish","format-standard","has-post-thumbnail","hentry","category-rio-de-janeiro"],"_wp_attached_file":null,"_wp_attachment_metadata":null,"litespeed-optimize-set":null,"litespeed-optimize-size":null,"_wp_attachment_image_alt":null,"_wp_attachment_context":null,"_oembed_517939d3cc9dbf48615b6e2889d4a244":null,"_wp_attachment_custom_header_last_used_airin-blog":null,"_wp_attachment_is_custom_header":null,"_menu_item_type":null,"_menu_item_menu_item_parent":null,"_menu_item_object_id":null,"_menu_item_object":null,"_menu_item_target":null,"_menu_item_classes":null,"_menu_item_xfn":null,"_menu_item_url":null,"_menu_item_orphaned":null,"_a13_mega_menu":null,"_a13_mm_remove_item":null,"_a13_mm_html":null,"_a13_item_icon":null,"_a13_unlinkable":null,"_a13_mm_columns":null,"obfx_menu_icon":null,"_wp_suggested_privacy_policy_content":null,"_content_layout":null,"_content_padding":null,"_content_side_padding":null,"_widget_area":null,"_sidebar_to_show":null,"_content_under_header":null,"_horizontal_header_show_header_at":null,"_subtitle":null,"_title_bar_settings":null,"_title_bar_position":null,"_title_bar_variant":null,"_title_bar_width":null,"_title_bar_image_fit":null,"_title_bar_parallax":null,"_title_bar_parallax_type":null,"_title_bar_parallax_speed":null,"_title_bar_bg_color":null,"_title_bar_title_color":null,"_title_bar_color_1":null,"_title_bar_space_width":null,"_breadcrumbs":null,"_image_or_video":null,"_image_parallax":null,"_image_parallax_height":null,"_post_video":null,"_page_bg_settings":null,"_page_image":null,"_page_image_fit":null,"_page_bg_color":null,"_content_sticky_one_page":null,"_content_sticky_one_page_bullet_color":null,"_content_sticky_one_page_bullet_icon":null,"_customize_changeset_uuid":null,"_cdp_origin":null,"_cdp_origin_site":null,"_cdp_origin_title":null,"_cdp_counter":null,"_oembed_0da56b064e52548bee4b172d9144e156":null,"blogger_internal":"\/feeds\/3356170921233305496\/posts\/default\/5063398935247403818","_yoast_wpseo_primary_category":"125","geo_latitude":"-22.9768058","geo_longitude":"-43.2440554","geo_public":"1","geo_address":"Parque Natural Municipal da Cidade - Est. Santa Marinha, 505 - G\u00e1vea, Rio de Janeiro - RJ, 22451-240, Brasil","_wp_old_slug":"%f0%9f%8c%b3-municipal-natural-park-and-city-history-museum-a-real-refuge-in-gavea","_yoast_wpseo_title":"G\u00e1vea Municipal Natural Park: nature and history in Rio","_oembed_be55bbc61146e6c9570114eb3e3c5c63":null,"_oembed_1a17e7f4e63c8b0ab6f7a8ca477b7d7b":null,"_oembed_time_1a17e7f4e63c8b0ab6f7a8ca477b7d7b":null,"_oembed_c354fe654dad148b57583876f93a71e1":null,"_oembed_5a971530bbab3fcfab7b04133b667511":null,"_oembed_time_5a971530bbab3fcfab7b04133b667511":null,"_oembed_2118a9b025e1bcf052d6b45c378d0e8e":null,"_oembed_time_2118a9b025e1bcf052d6b45c378d0e8e":null,"_oembed_dca1c6226f5a6f312fa49536a5de6ef4":null,"_oembed_3d011a5fa68440e94b1d9ef3f55a1a28":null,"_oembed_76383a63f269aec568a5101df5a0d4ff":null,"_oembed_1de83e8f98d64fec8839a376e2e571d3":null,"_oembed_c423e8dad63f56306cc570c9d90d7629":null,"_oembed_dbed336c6f6fb2066d5d9f98cd088d5f":null,"_oembed_389824ac2741b7d941a2cac20414b848":null,"_oembed_87baaa5f33e01b9a420f6122687fa003":null,"_wp_desired_post_slug":null,"blogger_permalink":"\/2024\/02\/parque-na-gavea.html","blogger_blog":"www.viagenselugaress.com","blogger_author":"Viagens e Lugares","_edit_lock":"1772254138:1","_wp_trash_meta_status":null,"_wp_trash_meta_time":null,"_elementor_edit_mode":null,"_elementor_template_type":null,"_elementor_css":null,"_wp_old_date":null,"_wp_page_template":"default","_edit_last":"1","chromenews-meta-content-alignment":null,"chromenews-meta-content-mode":null,"_yoast_wpseo_content_score":null,"_yoast_wpseo_estimated-reading-time-minutes":null,"_elementor_version":null,"_elementor_data":null,"_elementor_controls_usage":null,"_elementor_page_assets":null,"_elementor_element_cache":null,"_yoast_wpseo_metadesc":"G\u00e1vea Municipal Natural Park: discover a green refuge with the City Museum, trails, caf\u00e9 and history in the heart of Rio de Janeiro.","_yoast_wpseo_focuskw":"G\u00e1vea Municipal Natural Park","_yoast_wpseo_linkdex":null,"views_count":null,"obfx-header-scripts":null,"obfx-footer-scripts":null,"_elementor_page_settings":null,"_thumbnail_id":"8006","_links":{"self":[{"href":"https:\/\/viagenselugaress.com\/en\/wp-json\/wp\/v2\/posts\/8120","targetHints":{"allow":["GET"]}}],"collection":[{"href":"https:\/\/viagenselugaress.com\/en\/wp-json\/wp\/v2\/posts"}],"about":[{"href":"https:\/\/viagenselugaress.com\/en\/wp-json\/wp\/v2\/types\/post"}],"author":[{"embeddable":true,"href":"https:\/\/viagenselugaress.com\/en\/wp-json\/wp\/v2\/users\/1"}],"replies":[{"embeddable":true,"href":"https:\/\/viagenselugaress.com\/en\/wp-json\/wp\/v2\/comments?post=8120"}],"version-history":[{"count":3,"href":"https:\/\/viagenselugaress.com\/en\/wp-json\/wp\/v2\/posts\/8120\/revisions"}],"predecessor-version":[{"id":10367,"href":"https:\/\/viagenselugaress.com\/en\/wp-json\/wp\/v2\/posts\/8120\/revisions\/10367"}],"wp:featuredmedia":[{"embeddable":true,"href":"https:\/\/viagenselugaress.com\/en\/wp-json\/wp\/v2\/media\/8006"}],"wp:attachment":[{"href":"https:\/\/viagenselugaress.com\/en\/wp-json\/wp\/v2\/media?parent=8120"}],"wp:term":[{"taxonomy":"category","embeddable":true,"href":"https:\/\/viagenselugaress.com\/en\/wp-json\/wp\/v2\/categories?post=8120"},{"taxonomy":"post_tag","embeddable":true,"href":"https:\/\/viagenselugaress.com\/en\/wp-json\/wp\/v2\/tags?post=8120"}],"curies":[{"name":"wp","href":"https:\/\/api.w.org\/{rel}","templated":true}]}}