{"id":8340,"date":"2024-04-05T21:33:00","date_gmt":"2024-04-05T21:33:00","guid":{"rendered":"https:\/\/viagenselugaress.com\/cadeg-rio-de-janeiro-municipal-market-complete-guide-with-restaurants-flowers-history-schedules-and-up-to-date-tips\/"},"modified":"2026-04-06T21:41:22","modified_gmt":"2026-04-06T21:41:22","slug":"cadeg-rio-de-janeiro-municipal-market-complete-guide-with-restaurants-flowers-history-schedules-and-up-to-date-tips","status":"publish","type":"post","link":"https:\/\/viagenselugaress.com\/en\/cadeg-rio-de-janeiro-municipal-market-complete-guide-with-restaurants-flowers-history-schedules-and-up-to-date-tips\/","title":{"rendered":"CADEG \u2013 Municipal Market of Rio de Janeiro: Complete Guide with Restaurants, Flowers, History, Hours, and Updated Tips"},"content":{"rendered":"\n<p>A CADEG \u2013 Centro de Abastecimento do Estado da Guanabara \u2013 \u00e9 oficialmente o <strong>Mercado Municipal do Rio de Janeiro<\/strong> e um dos lugares mais aut\u00eanticos, tradicionais e surpreendentes da cidade.<\/p>\n\n<p>Localizada em Benfica, na Zona Norte, a CADEG vai muito al\u00e9m de um simples mercado. \u00c9 polo gastron\u00f4mico, centro atacadista hist\u00f3rico, refer\u00eancia em bacalhau e vinhos, maior mercado de flores do Rio e um dos espa\u00e7os mais simb\u00f3licos da hist\u00f3ria comercial da cidade.<\/p>\n\n<hr class=\"wp-block-separator has-alpha-channel-opacity\" \/>\n<style>.kb-table-of-content-nav.kb-table-of-content-id30_7ccd87-f0 .kb-table-of-content-wrap{padding-top:var(--global-kb-spacing-sm, 1.5rem);padding-right:var(--global-kb-spacing-sm, 1.5rem);padding-bottom:var(--global-kb-spacing-sm, 1.5rem);padding-left:var(--global-kb-spacing-sm, 1.5rem);}.kb-table-of-content-nav.kb-table-of-content-id30_7ccd87-f0 .kb-table-of-contents-title-wrap{padding-top:0px;padding-right:0px;padding-bottom:0px;padding-left:0px;}.kb-table-of-content-nav.kb-table-of-content-id30_7ccd87-f0 .kb-table-of-contents-title{font-weight:regular;font-style:normal;}.kb-table-of-content-nav.kb-table-of-content-id30_7ccd87-f0 .kb-table-of-content-wrap .kb-table-of-content-list{font-weight:regular;font-style:normal;margin-top:var(--global-kb-spacing-sm, 1.5rem);margin-right:0px;margin-bottom:0px;margin-left:0px;}<\/style>\n<hr class=\"wp-block-separator has-alpha-channel-opacity\" \/>\n\n<h2 class=\"wp-block-heading\">Resumo R\u00e1pido \u2013 CADEG (Mercado Municipal do Rio de Janeiro)<\/h2>\n\n<ul class=\"wp-block-list\">\n<li><strong>\ud83d\udccd Endere\u00e7o:<\/strong> Rua Capit\u00e3o F\u00e9lix, 110 \u2013 Benfica \u2013 Rio de Janeiro \u2013 RJ \u2013 CEP 20920-310<\/li>\n\n\n\n<li><strong>\ud83d\udcde Telefone:<\/strong> (21) 3890-0202<\/li>\n\n\n\n<li><strong>\ud83c\udf10 Site oficial:<\/strong> <a href=\"https:\/\/cadeg.com.br\/\" target=\"_blank\" rel=\"noreferrer noopener\">cadeg.com.br<\/a><\/li>\n\n\n\n<li><strong>\ud83d\udcf8 Instagram oficial:<\/strong> <a href=\"https:\/\/www.instagram.com\/cadegrio\/\" target=\"_blank\" rel=\"noreferrer noopener\">@cadegrio<\/a><\/li>\n\n\n\n<li><strong>\ud83c\udf38 Mercado de Flores:<\/strong> Segunda a s\u00e1bado das 4h \u00e0s 12h (\u00e0s quintas, das 2h \u00e0s 12h)<\/li>\n\n\n\n<li><strong>\ud83c\udf7d Restaurantes:<\/strong> Funcionamento varia por unidade, com maior movimento no hor\u00e1rio de almo\u00e7o<\/li>\n\n\n\n<li><strong>\u23f1 Tempo m\u00e9dio de visita:<\/strong> 2 a 4 horas<\/li>\n\n\n\n<li><strong>\ud83d\udcb0 Faixa de pre\u00e7o:<\/strong> Moderado a alto nos restaurantes tradicionais portugueses<\/li>\n\n\n\n<li><strong>\ud83c\udfaf Perfil da experi\u00eancia:<\/strong> Mercado tradicional, polo gastron\u00f4mico e centro cultural carioca<\/li>\n\n\n\n<li><strong>\ud83e\udd14 Vale a pena?<\/strong> Sim \u2014 especialmente para quem busca almo\u00e7o farto, bacalhau tradicional e o maior mercado de flores do Rio de Janeiro.<\/li>\n<\/ul>\n\n<p>\ud83d\udc49 Antes de ir, veja tamb\u00e9m:<\/p>\n\n<ul class=\"wp-block-list\">\n<li><a href=\"https:\/\/viagenselugaress.com\/o-que-fazer-no-rio-de-janeiro\/\">O que fazer no Rio de Janeiro<\/a><\/li>\n\n\n\n<li><a href=\"https:\/\/viagenselugaress.com\/melhores-restaurantes-do-rio-de-janeiro\/\">Melhores restaurantes do Rio<\/a><\/li>\n\n\n\n<li><a href=\"https:\/\/viagenselugaress.com\/en\/rio-de-janeiro-day-by-day-itinerary\/\">Roteiro no Rio de Janeiro<\/a><\/li>\n<\/ul>\n\n<hr class=\"wp-block-separator has-alpha-channel-opacity\" \/>\n\n<h2 class=\"wp-block-heading\">\ud83c\udfa5 V\u00eddeo: Conhe\u00e7a a CADEG por Dentro<\/h2>\n\n<figure class=\"wp-block-embed is-type-video is-provider-youtube wp-block-embed-youtube wp-embed-aspect-16-9 wp-has-aspect-ratio\"><div class=\"wp-block-embed__wrapper\">\n<iframe loading=\"lazy\" title=\"CADEG: Hist\u00f3rias e sabores aut\u00eanticos do Rio\" width=\"720\" height=\"405\" src=\"https:\/\/www.youtube.com\/embed\/Ameia6t3e5Q?feature=oembed\" frameborder=\"0\" allow=\"accelerometer; autoplay; clipboard-write; encrypted-media; gyroscope; picture-in-picture; web-share\" referrerpolicy=\"strict-origin-when-cross-origin\" allowfullscreen><\/iframe>\n<\/div><\/figure>\n\n<p>Gravamos nossa experi\u00eancia completa visitando a CADEG, mostrando os restaurantes, o mercado de flores e o ambiente interno. Se voc\u00ea prefere ver antes de ir, d\u00e1 o play \ud83d\udc46<\/p>\n\n<hr class=\"wp-block-separator has-alpha-channel-opacity\" \/>\n\n<h2 class=\"wp-block-heading\">\ud83c\udfdb A Hist\u00f3ria da CADEG: Do Mercado Municipal ao Polo Gastron\u00f4mico<\/h2>\n\n<p>A hist\u00f3ria da CADEG come\u00e7a ainda no in\u00edcio do s\u00e9culo XX, durante as grandes reformas urbanas do prefeito Pereira Passos, respons\u00e1vel pela moderniza\u00e7\u00e3o do Rio de Janeiro.<\/p>\n\n<p>O primeiro Mercado Municipal foi inaugurado em 1907, na regi\u00e3o da Pra\u00e7a XV. D\u00e9cadas depois, com a constru\u00e7\u00e3o da Avenida Perimetral e a reurbaniza\u00e7\u00e3o da \u00e1rea central, os comerciantes precisaram se reorganizar.<\/p>\n\n<p>Ap\u00f3s anos de mobiliza\u00e7\u00e3o e organiza\u00e7\u00e3o, foi adquirido um terreno de aproximadamente 100 mil metros quadrados na Rua Capit\u00e3o F\u00e9lix, em Benfica.<\/p>\n\n<p>O projeto arquitet\u00f4nico vencedor foi dos arquitetos <strong>Vigor Artese e Moacyr Gomes da Costa<\/strong>.<\/p>\n\n<p>A obra foi considerada, \u00e0 \u00e9poca, a terceira maior constru\u00e7\u00e3o em volume de concreto armado do Brasil \u2014 atr\u00e1s apenas do Maracan\u00e3 e da Hidrel\u00e9trica de Furnas.<\/p>\n\n<p>Em 1962, j\u00e1 no Estado da Guanabara, o novo mercado foi inaugurado oficialmente.<\/p>\n\n<p>Desde ent\u00e3o, a CADEG se consolidou como um dos maiores centros de abastecimento e gastronomia do Rio.<\/p>\n\n<hr class=\"wp-block-separator has-alpha-channel-opacity\" \/>\n\n<h2 class=\"wp-block-heading\">\ud83d\udccd Onde Fica e Como Chegar \u00e0 CADEG<\/h2>\n\n<h3 class=\"wp-block-heading\">Endere\u00e7o Oficial<\/h3>\n\n<p>Rua Capit\u00e3o F\u00e9lix, 110 \u2013 Benfica \u2013 Rio de Janeiro \u2013 RJ<\/p>\n\n<h3 class=\"wp-block-heading\">\ud83d\ude97 De carro<\/h3>\n\n<ul class=\"wp-block-list\">\n<li>Linha Vermelha \u2192 sa\u00edda S\u00e3o Crist\u00f3v\u00e3o<\/li>\n\n\n\n<li>Avenida Brasil \u2192 acesso Benfica<\/li>\n<\/ul>\n\n<p>Estacionamento amplo no local.<\/p>\n\n<h3 class=\"wp-block-heading\">\ud83d\ude87 Metr\u00f4<\/h3>\n\n<p>Linha 2 \u2013 Esta\u00e7\u00e3o S\u00e3o Crist\u00f3v\u00e3o + \u00f4nibus 665<\/p>\n\n<h3 class=\"wp-block-heading\">\ud83d\ude8c \u00d4nibus<\/h3>\n\n<ul class=\"wp-block-list\">\n<li>Centro: 277 \/ 363 \/ 371 \/ 370<\/li>\n\n\n\n<li>Zona Sul: 474 \/ 402 \/ 476<\/li>\n\n\n\n<li>Tijuca: 665 \/ 622<\/li>\n\n\n\n<li>M\u00e9ier: 277<\/li>\n\n\n\n<li>Niter\u00f3i: Barca + 398<\/li>\n<\/ul>\n\n<p>\ud83d\udc49 Dica pr\u00e1tica: para turistas, Uber \u00e9 a forma mais simples.<\/p>\n\n<hr class=\"wp-block-separator has-alpha-channel-opacity\" \/>\n\n<h2 class=\"wp-block-heading\">\ud83d\uded2 Estrutura e Infraestrutura<\/h2>\n\n<p>A CADEG possui estrutura completa:<\/p>\n\n<ul class=\"wp-block-list\">\n<li>Amplo estacionamento<\/li>\n\n\n\n<li>Escadas rolantes e elevadores<\/li>\n\n\n\n<li>Equipe de seguran\u00e7a<\/li>\n\n\n\n<li>Equipe especializada de limpeza<\/li>\n\n\n\n<li>Facilidade de carga e descarga<\/li>\n<\/ul>\n\n<p>\u00c9 praticamente uma pequena cidade comercial dentro de Benfica.<\/p>\n\n<hr class=\"wp-block-separator has-alpha-channel-opacity\" \/>\n\n<h2 class=\"wp-block-heading\">\ud83c\udf7d Restaurantes na CADEG<\/h2>\n\n<figure class=\"wp-block-image size-large\"><img loading=\"lazy\" decoding=\"async\" width=\"768\" height=\"1024\" src=\"https:\/\/viagenselugaress.com\/wp-content\/uploads\/2024\/04\/caldeirada-portuguesa-cadeg-mercado-municipal-rio-768x1024.jpg\" alt=\"Caldeirada portuguesa servida em panela de barro em restaurante da CADEG Mercado Municipal do Rio de Janeiro\" class=\"wp-image-8329\" style=\"aspect-ratio:16\/9;object-fit:cover\" title=\"\" srcset=\"https:\/\/viagenselugaress.com\/wp-content\/uploads\/2024\/04\/caldeirada-portuguesa-cadeg-mercado-municipal-rio-768x1024.jpg 768w, https:\/\/viagenselugaress.com\/wp-content\/uploads\/2024\/04\/caldeirada-portuguesa-cadeg-mercado-municipal-rio-225x300.jpg 225w, https:\/\/viagenselugaress.com\/wp-content\/uploads\/2024\/04\/caldeirada-portuguesa-cadeg-mercado-municipal-rio-1152x1536.jpg 1152w, https:\/\/viagenselugaress.com\/wp-content\/uploads\/2024\/04\/caldeirada-portuguesa-cadeg-mercado-municipal-rio-1536x2048.jpg 1536w, https:\/\/viagenselugaress.com\/wp-content\/uploads\/2024\/04\/caldeirada-portuguesa-cadeg-mercado-municipal-rio-scaled.jpg 1920w\" sizes=\"auto, (max-width: 768px) 100vw, 768px\" \/><figcaption class=\"wp-element-caption\">Caldeirada portuguesa tradicional servida em restaurante da CADEG, o Mercado Municipal do Rio de Janeiro.<\/figcaption><\/figure>\n\n<p>A gastronomia \u00e9 o grande destaque.<\/p>\n\n<h3 class=\"wp-block-heading\">\ud83e\udd58 Barsa<\/h3>\n\n<p>Especializado em culin\u00e1ria portuguesa.<\/p>\n\n<p>Destaques do card\u00e1pio:<\/p>\n\n<ul class=\"wp-block-list\">\n<li>Bacalhau Rei<\/li>\n\n\n\n<li>Bacalhau com Natas<\/li>\n\n\n\n<li>Arroz de Bacalhau ao Pelati<\/li>\n\n\n\n<li>Bacalhau Mediterr\u00e2neo<\/li>\n<\/ul>\n\n<p>Pratos fartos e ideais para compartilhar.<\/p>\n\n<h3 class=\"wp-block-heading\">\ud83c\udf77 Adega do Pimenta<\/h3>\n\n<p>Refer\u00eancia em bacalhau e carta extensa de vinhos portugueses.<\/p>\n\n<h3 class=\"wp-block-heading\">\ud83e\udd69 Churrascaria Porkilo<\/h3>\n\n<p>Op\u00e7\u00e3o para quem prefere carnes.<\/p>\n\n<h3 class=\"wp-block-heading\">\ud83c\udf5d Esfuma\u00e7ado Restaurante<\/h3>\n\n<p>Outra alternativa gastron\u00f4mica dentro do mercado.<\/p>\n\n<p>\ud83d\udc49 Compare com:<\/p>\n\n<ul class=\"wp-block-list\">\n<li><a href=\"https:\/\/viagenselugaress.com\/botecos-tradicionais-do-rio-de-janeiro\/\">Botecos tradicionais do Rio<\/a><\/li>\n\n\n\n<li><a href=\"https:\/\/viagenselugaress.com\/en\/restaurants-in-rio-de-janeiro-complete-guide-to-eating-well-in-2026\/\">Restaurantes no Rio<\/a><\/li>\n<\/ul>\n\n<hr class=\"wp-block-separator has-alpha-channel-opacity\" \/>\n\n<h2 class=\"wp-block-heading\">\ud83c\udf38 Mercado de Flores da CADEG<\/h2>\n\n<p>Um dos pontos mais impressionantes.<\/p>\n\n<p>Funcionamento:<\/p>\n\n<ul class=\"wp-block-list\">\n<li>Segunda a s\u00e1bado: 4h \u00e0s 12h<\/li>\n\n\n\n<li>Quinta-feira: 2h \u00e0s 12h<\/li>\n<\/ul>\n\n<p>\u00c9 comum ver comerciantes chegando de madrugada para abastecer floriculturas da cidade inteira.<\/p>\n\n<p>Voc\u00ea encontra:<\/p>\n\n<ul class=\"wp-block-list\">\n<li>Orqu\u00eddeas<\/li>\n\n\n\n<li>Rosas<\/li>\n\n\n\n<li>Plantas ornamentais<\/li>\n\n\n\n<li>Arranjos personalizados<\/li>\n\n\n\n<li>Pre\u00e7os muito competitivos<\/li>\n<\/ul>\n\n<p>\u00c9 um espet\u00e1culo visual \u2014 mesmo para quem n\u00e3o pretende comprar.<\/p>\n\n<hr class=\"wp-block-separator has-alpha-channel-opacity\" \/>\n\n<h2 class=\"wp-block-heading\">\ud83c\udf77 Bacalhau, Vinhos e Produtos Importados<\/h2>\n\n<figure class=\"wp-block-image size-large\"><img loading=\"lazy\" decoding=\"async\" width=\"768\" height=\"1024\" src=\"https:\/\/viagenselugaress.com\/wp-content\/uploads\/2024\/04\/bacalhau-cadeg-rio-de-janeiro-768x1024.jpg\" alt=\"Bacalhau gratinado servido em restaurante da CADEG Mercado Municipal do Rio de Janeiro\" class=\"wp-image-8327\" style=\"aspect-ratio:16\/9;object-fit:cover\" title=\"\" srcset=\"https:\/\/viagenselugaress.com\/wp-content\/uploads\/2024\/04\/bacalhau-cadeg-rio-de-janeiro-768x1024.jpg 768w, https:\/\/viagenselugaress.com\/wp-content\/uploads\/2024\/04\/bacalhau-cadeg-rio-de-janeiro-225x300.jpg 225w, https:\/\/viagenselugaress.com\/wp-content\/uploads\/2024\/04\/bacalhau-cadeg-rio-de-janeiro-1152x1536.jpg 1152w, https:\/\/viagenselugaress.com\/wp-content\/uploads\/2024\/04\/bacalhau-cadeg-rio-de-janeiro-1536x2048.jpg 1536w, https:\/\/viagenselugaress.com\/wp-content\/uploads\/2024\/04\/bacalhau-cadeg-rio-de-janeiro-scaled.jpg 1920w\" sizes=\"auto, (max-width: 768px) 100vw, 768px\" \/><figcaption class=\"wp-element-caption\">Bacalhau tradicional na CADEG<\/figcaption><\/figure>\n\n<p>A CADEG \u00e9 refer\u00eancia nacional quando o assunto \u00e9 bacalhau.<\/p>\n\n<p>Voc\u00ea encontra:<\/p>\n\n<ul class=\"wp-block-list\">\n<li>Bacalhau leg\u00edtimo Gadus Morhua<\/li>\n\n\n\n<li>Vinhos portugueses e argentinos<\/li>\n\n\n\n<li>Queijos artesanais<\/li>\n\n\n\n<li>Azeites importados<\/li>\n\n\n\n<li>Massas e conservas gourmet<\/li>\n<\/ul>\n\n<p>\u00c9 destino certo para quem quer montar uma t\u00e1bua de queijos ou preparar um almo\u00e7o especial.<\/p>\n\n<hr class=\"wp-block-separator has-alpha-channel-opacity\" \/>\n\n<h2 class=\"wp-block-heading\">\ud83c\udfec \u00c1reas Comerciais<\/h2>\n\n<p>O mercado \u00e9 dividido por \u00e1reas:<\/p>\n\n<ul class=\"wp-block-list\">\n<li>Bacalhau<\/li>\n\n\n\n<li>Bebidas<\/li>\n\n\n\n<li>Cereais &amp; Mercearia<\/li>\n\n\n\n<li>Flores e Plantas<\/li>\n\n\n\n<li>Restaurantes<\/li>\n\n\n\n<li>Beleza &amp; Sa\u00fade<\/li>\n\n\n\n<li>Automotivo<\/li>\n\n\n\n<li>Descart\u00e1veis &amp; Embalagens<\/li>\n\n\n\n<li>Servi\u00e7os (Correios, loteria, chaveiro)<\/li>\n<\/ul>\n\n<p>Ou seja, n\u00e3o \u00e9 apenas um mercado gastron\u00f4mico \u2014 \u00e9 um centro comercial completo.<\/p>\n\n<hr class=\"wp-block-separator has-alpha-channel-opacity\" \/>\n\n<h2 class=\"wp-block-heading\">\ud83d\udd0e Vale a Pena Visitar a CADEG?<\/h2>\n\n<figure class=\"wp-block-image size-large\"><img loading=\"lazy\" decoding=\"async\" width=\"768\" height=\"1024\" src=\"https:\/\/viagenselugaress.com\/wp-content\/uploads\/2024\/04\/cardapio-bacalhau-cadeg-768x1024.jpg\" alt=\"Card&#xE1;pio de bacalhau em restaurante da CADEG no Rio de Janeiro\" class=\"wp-image-8330\" style=\"aspect-ratio:3\/2;object-fit:cover\" title=\"\" srcset=\"https:\/\/viagenselugaress.com\/wp-content\/uploads\/2024\/04\/cardapio-bacalhau-cadeg-768x1024.jpg 768w, https:\/\/viagenselugaress.com\/wp-content\/uploads\/2024\/04\/cardapio-bacalhau-cadeg-225x300.jpg 225w, https:\/\/viagenselugaress.com\/wp-content\/uploads\/2024\/04\/cardapio-bacalhau-cadeg-1152x1536.jpg 1152w, https:\/\/viagenselugaress.com\/wp-content\/uploads\/2024\/04\/cardapio-bacalhau-cadeg-1536x2048.jpg 1536w, https:\/\/viagenselugaress.com\/wp-content\/uploads\/2024\/04\/cardapio-bacalhau-cadeg-scaled.jpg 1920w\" sizes=\"auto, (max-width: 768px) 100vw, 768px\" \/><figcaption class=\"wp-element-caption\">Card\u00e1pio de Bacalhau na CADEG<\/figcaption><\/figure>\n\n<p>Sim \u2014 especialmente se voc\u00ea:<\/p>\n\n<ul class=\"wp-block-list\">\n<li>Gosta de gastronomia portuguesa<\/li>\n\n\n\n<li>Quer um passeio fora do circuito \u00f3bvio<\/li>\n\n\n\n<li>Procura flores com melhor pre\u00e7o<\/li>\n\n\n\n<li>Quer conhecer um mercado tradicional carioca<\/li>\n<\/ul>\n\n<p>N\u00e3o \u00e9 uma atra\u00e7\u00e3o tur\u00edstica cl\u00e1ssica como o P\u00e3o de A\u00e7\u00facar ou o Cristo Redentor, mas \u00e9 uma experi\u00eancia cultural e gastron\u00f4mica forte.<\/p>\n\n<hr class=\"wp-block-separator has-alpha-channel-opacity\" \/>\n\n<h2 class=\"wp-block-heading\">\u2753 FAQ \u2013 Perguntas Frequentes<\/h2>\n\n<h3 class=\"wp-block-heading\">A CADEG \u00e9 segura?<\/h3>\n\n<p>Sim, especialmente durante o dia e no hor\u00e1rio de almo\u00e7o. Possui seguran\u00e7a pr\u00f3pria.<\/p>\n\n<h3 class=\"wp-block-heading\">\u00c9 tur\u00edstica?<\/h3>\n\n<p>\u00c9 conhecida por turistas, mas mant\u00e9m forte perfil local.<\/p>\n\n<h3 class=\"wp-block-heading\">Quanto custa comer na CADEG?<\/h3>\n\n<p>Pratos portugueses costumam variar de R$ 130 a R$ 300, dependendo do restaurante e tamanho.<\/p>\n\n<h3 class=\"wp-block-heading\">Qual melhor dia para visitar?<\/h3>\n\n<p>S\u00e1bado pela manh\u00e3 \u00e9 excelente, especialmente para combinar flores e almo\u00e7o.<\/p>\n\n<hr class=\"wp-block-separator has-alpha-channel-opacity\" \/>\n\n<h2 class=\"wp-block-heading\">\ud83d\udd10 Seguran\u00e7a na CADEG e em Benfica<\/h2>\n\n<p>A CADEG est\u00e1 localizada em <strong>Benfica, na Zona Norte do Rio de Janeiro<\/strong>. \u00c9 uma regi\u00e3o tradicionalmente comercial e movimentada, mas n\u00e3o \u00e9 um bairro tur\u00edstico como Copacabana ou Ipanema.<\/p>\n\n<p>Durante o dia, especialmente no hor\u00e1rio da manh\u00e3 e do almo\u00e7o, o ambiente \u00e9 bastante movimentado e conta com seguran\u00e7a interna do pr\u00f3prio mercado.<\/p>\n\n<p><strong>Dicas importantes:<\/strong><\/p>\n\n<ul class=\"wp-block-list\">\n<li>Prefira visitar durante o dia<\/li>\n\n\n\n<li>Evite circular a p\u00e9 nas redondezas \u00e0 noite<\/li>\n\n\n\n<li>Use Uber ou carro pr\u00f3prio para chegar e sair<\/li>\n\n\n\n<li>Evite ostentar celular ou objetos de valor na rua<\/li>\n<\/ul>\n\n<p>Seguindo essas orienta\u00e7\u00f5es b\u00e1sicas, a visita costuma ser tranquila.<\/p>\n\n<p>\ud83d\udc49 Veja tamb\u00e9m nosso guia completo sobre seguran\u00e7a:<\/p>\n\n<p><a href=\"https:\/\/viagenselugaress.com\/seguranca-no-rio-de-janeiro-dicas-atualizadas\/\">\u00c9 seguro viajar para o Rio de Janeiro? Dicas atualizadas<\/a><\/p>\n\n<hr class=\"wp-block-separator has-alpha-channel-opacity\" \/>\n\n<h2 class=\"wp-block-heading\">\ud83d\udccc Conclus\u00e3o: Vale a Pena Visitar a CADEG?<\/h2>\n\n<p>Yes \u2014 especially if you enjoy Portuguese cuisine, traditional cod, wines, and authentic markets.<\/p>\n\n<p>CADEG isn\u2019t a classic tourist spot, but it\u2019s a place where you can feel the real Rio in action.<\/p>\n\n<p>If you want to stray from the obvious itinerary and experience a more local vibe, it&#8217;s worth including in your plans.<\/p>\n\n<hr class=\"wp-block-separator has-alpha-channel-opacity\" \/>\n\n<h2 class=\"wp-block-heading\">\u2708\ufe0f Traveling to Rio de Janeiro?<\/h2>\n\n<p>Before you embark, organize your trip in advance and compare prices:<\/p>\n\n<ul class=\"wp-block-list\">\n<li>\ud83c\udfe8 <a href=\"https:\/\/www.booking.com\/\" target=\"_blank\" rel=\"noreferrer noopener\">Compare hotels in Rio de Janeiro<\/a><\/li>\n\n\n\n<li>\ud83c\udf9f\ufe0f <a href=\"https:\/\/www.getyourguide.com\/\" target=\"_blank\" rel=\"noreferrer noopener\">Book tours and experiences<\/a><\/li>\n\n\n\n<li>\ud83d\udee1\ufe0f <a href=\"https:\/\/www.seguros-promo.com.br\/\" target=\"_blank\" rel=\"noreferrer noopener\">Travel insurance with discount<\/a><\/li>\n<\/ul>\n\n<p>And to build your full itinerary, see our strategic guide:<\/p>\n\n<p><strong>\ud83d\udc49 <a href=\"https:\/\/viagenselugaress.com\/o-que-fazer-no-rio-de-janeiro\/\">Complete Guide to Rio de Janeiro<\/a><\/strong><\/p>\n\n<p>Save this post, share with fellow food lovers, and tag CADEG on your next trip to Rio \ud83d\ude09<\/p>\n","protected":false},"excerpt":{"rendered":"<p>A CADEG \u2013 Centro de Abastecimento do Estado da Guanabara \u2013 \u00e9 oficialmente o Mercado Municipal do Rio de Janeiro e um&#8230;<\/p>\n","protected":false},"author":1,"featured_media":8331,"comment_status":"open","ping_status":"closed","sticky":false,"template":"","format":"standard","meta":{"_kad_post_transparent":"","_kad_post_title":"","_kad_post_layout":"","_kad_post_sidebar_id":"","_kad_post_content_style":"","_kad_post_vertical_padding":"","_kad_post_feature":"","_kad_post_feature_position":"","_kad_post_header":false,"_kad_post_footer":false,"_kad_post_classname":"","footnotes":""},"categories":[364,325],"tags":[],"class_list":["post-8340","post","type-post","status-publish","format-standard","has-post-thumbnail","hentry","category-rio-de-janeiro"],"_wp_attached_file":null,"_wp_attachment_metadata":null,"litespeed-optimize-set":null,"litespeed-optimize-size":null,"_wp_attachment_image_alt":null,"_wp_attachment_context":null,"_oembed_517939d3cc9dbf48615b6e2889d4a244":null,"_wp_attachment_custom_header_last_used_airin-blog":null,"_wp_attachment_is_custom_header":null,"_menu_item_type":null,"_menu_item_menu_item_parent":null,"_menu_item_object_id":null,"_menu_item_object":null,"_menu_item_target":null,"_menu_item_classes":null,"_menu_item_xfn":null,"_menu_item_url":null,"_menu_item_orphaned":null,"_a13_mega_menu":null,"_a13_mm_remove_item":null,"_a13_mm_html":null,"_a13_item_icon":null,"_a13_unlinkable":null,"_a13_mm_columns":null,"obfx_menu_icon":null,"_wp_suggested_privacy_policy_content":null,"_content_layout":null,"_content_padding":null,"_content_side_padding":null,"_widget_area":null,"_sidebar_to_show":null,"_content_under_header":null,"_horizontal_header_show_header_at":null,"_subtitle":null,"_title_bar_settings":null,"_title_bar_position":null,"_title_bar_variant":null,"_title_bar_width":null,"_title_bar_image_fit":null,"_title_bar_parallax":null,"_title_bar_parallax_type":null,"_title_bar_parallax_speed":null,"_title_bar_bg_color":null,"_title_bar_title_color":null,"_title_bar_color_1":null,"_title_bar_space_width":null,"_breadcrumbs":null,"_image_or_video":null,"_image_parallax":null,"_image_parallax_height":null,"_post_video":null,"_page_bg_settings":null,"_page_image":null,"_page_image_fit":null,"_page_bg_color":null,"_content_sticky_one_page":null,"_content_sticky_one_page_bullet_color":null,"_content_sticky_one_page_bullet_icon":null,"_customize_changeset_uuid":null,"_cdp_origin":null,"_cdp_origin_site":null,"_cdp_origin_title":null,"_cdp_counter":null,"_oembed_0da56b064e52548bee4b172d9144e156":null,"blogger_internal":"\/feeds\/3356170921233305496\/posts\/default\/7738746760887047108","_yoast_wpseo_primary_category":null,"geo_latitude":null,"geo_longitude":null,"geo_public":null,"geo_address":null,"_wp_old_slug":null,"_yoast_wpseo_title":null,"_oembed_be55bbc61146e6c9570114eb3e3c5c63":null,"_oembed_1a17e7f4e63c8b0ab6f7a8ca477b7d7b":null,"_oembed_time_1a17e7f4e63c8b0ab6f7a8ca477b7d7b":null,"_oembed_c354fe654dad148b57583876f93a71e1":null,"_oembed_5a971530bbab3fcfab7b04133b667511":null,"_oembed_time_5a971530bbab3fcfab7b04133b667511":null,"_oembed_2118a9b025e1bcf052d6b45c378d0e8e":null,"_oembed_time_2118a9b025e1bcf052d6b45c378d0e8e":null,"_oembed_dca1c6226f5a6f312fa49536a5de6ef4":null,"_oembed_3d011a5fa68440e94b1d9ef3f55a1a28":null,"_oembed_76383a63f269aec568a5101df5a0d4ff":null,"_oembed_1de83e8f98d64fec8839a376e2e571d3":null,"_oembed_c423e8dad63f56306cc570c9d90d7629":null,"_oembed_dbed336c6f6fb2066d5d9f98cd088d5f":null,"_oembed_389824ac2741b7d941a2cac20414b848":null,"_oembed_87baaa5f33e01b9a420f6122687fa003":null,"_wp_desired_post_slug":null,"blogger_permalink":"\/2024\/04\/conheca-cadeg-o-mercado-municipal-do.html","blogger_blog":"www.viagenselugaress.com","blogger_author":"Travel and Places","_edit_lock":null,"_wp_trash_meta_status":null,"_wp_trash_meta_time":null,"_elementor_edit_mode":null,"_elementor_template_type":null,"_elementor_css":null,"_wp_old_date":null,"_wp_page_template":"default","_edit_last":null,"chromenews-meta-content-alignment":null,"chromenews-meta-content-mode":null,"_yoast_wpseo_content_score":null,"_yoast_wpseo_estimated-reading-time-minutes":null,"_elementor_version":null,"_elementor_data":null,"_elementor_controls_usage":null,"_elementor_page_assets":null,"_elementor_element_cache":null,"_yoast_wpseo_metadesc":null,"_yoast_wpseo_focuskw":null,"_yoast_wpseo_linkdex":null,"views_count":"0","obfx-header-scripts":null,"obfx-footer-scripts":null,"_elementor_page_settings":null,"_thumbnail_id":"8331","_links":{"self":[{"href":"https:\/\/viagenselugaress.com\/en\/wp-json\/wp\/v2\/posts\/8340","targetHints":{"allow":["GET"]}}],"collection":[{"href":"https:\/\/viagenselugaress.com\/en\/wp-json\/wp\/v2\/posts"}],"about":[{"href":"https:\/\/viagenselugaress.com\/en\/wp-json\/wp\/v2\/types\/post"}],"author":[{"embeddable":true,"href":"https:\/\/viagenselugaress.com\/en\/wp-json\/wp\/v2\/users\/1"}],"replies":[{"embeddable":true,"href":"https:\/\/viagenselugaress.com\/en\/wp-json\/wp\/v2\/comments?post=8340"}],"version-history":[{"count":5,"href":"https:\/\/viagenselugaress.com\/en\/wp-json\/wp\/v2\/posts\/8340\/revisions"}],"predecessor-version":[{"id":10350,"href":"https:\/\/viagenselugaress.com\/en\/wp-json\/wp\/v2\/posts\/8340\/revisions\/10350"}],"wp:featuredmedia":[{"embeddable":true,"href":"https:\/\/viagenselugaress.com\/en\/wp-json\/wp\/v2\/media\/8331"}],"wp:attachment":[{"href":"https:\/\/viagenselugaress.com\/en\/wp-json\/wp\/v2\/media?parent=8340"}],"wp:term":[{"taxonomy":"category","embeddable":true,"href":"https:\/\/viagenselugaress.com\/en\/wp-json\/wp\/v2\/categories?post=8340"},{"taxonomy":"post_tag","embeddable":true,"href":"https:\/\/viagenselugaress.com\/en\/wp-json\/wp\/v2\/tags?post=8340"}],"curies":[{"name":"wp","href":"https:\/\/api.w.org\/{rel}","templated":true}]}}