{"id":8460,"date":"2024-04-03T02:26:00","date_gmt":"2024-04-03T02:26:00","guid":{"rendered":"https:\/\/viagenselugaress.com\/frederic-epicerie-in-leme-is-it-worth-it-complete-guide-with-menu-hours-baskets-and-tips-to-include-in-your-rio-itinerary\/"},"modified":"2026-04-06T21:42:21","modified_gmt":"2026-04-06T21:42:21","slug":"frederic-epicerie-in-leme-is-it-worth-it-complete-guide-with-menu-hours-baskets-and-tips-to-include-in-your-rio-itinerary","status":"publish","type":"post","link":"https:\/\/viagenselugaress.com\/en\/frederic-epicerie-in-leme-is-it-worth-it-complete-guide-with-menu-hours-baskets-and-tips-to-include-in-your-rio-itinerary\/","title":{"rendered":"Fr\u00e9d\u00e9ric Epicerie in Leme: Is It Worth It? A Complete Guide with Menu, Hours, Gift Baskets, and Tips to Include in Your Rio de Janeiro Itinerary"},"content":{"rendered":"\n<p>Se voc\u00ea est\u00e1 montando um roteiro gastron\u00f4mico pelo Rio de Janeiro e quer fugir do \u00f3bvio, a <strong>Fr\u00e9d\u00e9ric Epicerie<\/strong>, no bairro do Leme, pode ser uma excelente surpresa.<\/p>\n\n<p>Inspirado na tradi\u00e7\u00e3o dos bistr\u00f4s franceses, o restaurante combina t\u00e9cnica precisa, ingredientes sazonais e ambiente intimista. Mas afinal: <strong>vale a pena incluir a Fr\u00e9d\u00e9ric Epicerie no seu roteiro no Rio?<\/strong><\/p>\n\n<hr class=\"wp-block-separator has-alpha-channel-opacity\" \/>\n<style>.kb-table-of-content-nav.kb-table-of-content-id34_2bc405-67 .kb-table-of-content-wrap{padding-top:var(--global-kb-spacing-sm, 1.5rem);padding-right:var(--global-kb-spacing-sm, 1.5rem);padding-bottom:var(--global-kb-spacing-sm, 1.5rem);padding-left:var(--global-kb-spacing-sm, 1.5rem);}.kb-table-of-content-nav.kb-table-of-content-id34_2bc405-67 .kb-table-of-contents-title-wrap{padding-top:0px;padding-right:0px;padding-bottom:0px;padding-left:0px;}.kb-table-of-content-nav.kb-table-of-content-id34_2bc405-67 .kb-table-of-contents-title{font-weight:regular;font-style:normal;}.kb-table-of-content-nav.kb-table-of-content-id34_2bc405-67 .kb-table-of-content-wrap .kb-table-of-content-list{font-weight:regular;font-style:normal;margin-top:var(--global-kb-spacing-sm, 1.5rem);margin-right:0px;margin-bottom:0px;margin-left:0px;}<\/style>\n<hr class=\"wp-block-separator has-alpha-channel-opacity\" \/>\n\n<h2 class=\"wp-block-heading\">Resumo R\u00e1pido \u2013 Fr\u00e9d\u00e9ric Epicerie<\/h2>\n\n<ul class=\"wp-block-list\">\n<li><strong>\ud83d\udccd Endere\u00e7o:<\/strong> Rua Gustavo Sampaio, 802 \u2013 Loja \u2013 Leme \u2013 Rio de Janeiro \u2013 RJ \u2013 CEP 22010-010<\/li>\n\n\n\n<li><strong>\ud83d\udcde Telefone:<\/strong> (21) 2146-9691<\/li>\n\n\n\n<li><strong>\ud83d\udcf1 WhatsApp:<\/strong> (21) 96981-4314<\/li>\n\n\n\n<li><strong>\ud83c\udf7d Estilo:<\/strong> Cozinha francesa contempor\u00e2nea<\/li>\n\n\n\n<li><strong>\u2615 Ideal para:<\/strong> Caf\u00e9 da manh\u00e3 especial, brunch e jantar intimista<\/li>\n\n\n\n<li><strong>\ud83d\udcb0 Faixa de pre\u00e7o:<\/strong> M\u00e9dio a alto<\/li>\n\n\n\n<li><strong>\ud83c\udf81 Diferencial:<\/strong> Cestas gourmet e chocolates artesanais<\/li>\n\n\n\n<li><strong>\ud83e\udd14 Vale a pena?<\/strong> Sim, especialmente para quem aprecia gastronomia francesa com ambiente charmoso.<\/li>\n<\/ul>\n\n<hr class=\"wp-block-separator has-alpha-channel-opacity\" \/>\n\n<h2 class=\"wp-block-heading\">\ud83d\udccd Onde Fica a Fr\u00e9d\u00e9ric Epicerie?<\/h2>\n\n<p>A Fr\u00e9d\u00e9ric Epicerie est\u00e1 localizada no <strong>Leme<\/strong>, bairro vizinho a Copacabana, conhecido por ser uma das \u00e1reas mais tranquilas da Zona Sul do Rio de Janeiro.<\/p>\n\n<p>\ud83d\udccd Rua Gustavo Sampaio, 802 \u2013 Leme \u2013 Rio de Janeiro<\/p>\n<style>.kb-google-maps-container34_3d9b4f-37{height:348px;}<\/style><div class=\"kb-google-maps-container kb-google-maps-container34_3d9b4f-37  wp-block-kadence-googlemaps\" data-mapid=\"34_3d9b4f37\"><iframe width=\"100%\" height=\"100%\"\n\t\t\t\t\t\t\tstyle=\"border:0\" loading=\"lazy\"\n\t\t\t\t\t\t\tsrc=\"https:\/\/www.google.com\/maps\/embed\/v1\/place?key=AIzaSyBAM2o7PiQqwk15LC1XRH2e_KJ-jUa7KYk&#038;zoom=15&#038;maptype=roadmap&#038;q=%F0%9F%93%8D+Rua+Gustavo+Sampaio%2C+802+%E2%80%93+Leme+%E2%80%93+Rio+de+Janeiro\"\n\t\t\t\t\t\t\ttitle=\"Google map of \ud83d\udccd Rua Gustavo Sampaio, 802 \u2013 Leme \u2013 Rio de Janeiro\"><\/iframe><\/div><script>function kb_google_map34_3d9b4f37() { let center = { lat: 37.8201, lng: -122.4781}; let map = new google.maps.Map(document.getElementById(\"kb-google-map34_3d9b4f37\"), {\n\t\t\t\t\t    zoom: 15,\n\t\t\t\t\t    center: center,});let marker = new google.maps.Marker({   position: { lat: 37.8201, lng: -122.4781},    map: map,  });}<\/script>\n<p>O Leme \u00e9 uma excelente base para hospedagem. Se voc\u00ea est\u00e1 procurando onde ficar na regi\u00e3o, recomendamos ler:<\/p>\n\n<ul class=\"wp-block-list\">\n<li><a href=\"https:\/\/viagenselugaress.com\/onde-ficar-no-leme-rio-de-janeiro\/\">Onde ficar no Leme: guia completo<\/a><\/li>\n\n\n\n<li><a href=\"https:\/\/viagenselugaress.com\/en\/novotel-leme-in-rio\/\">Review do Novotel Rio Leme<\/a><\/li>\n<\/ul>\n\n<p>Estar hospedado na regi\u00e3o facilita muito incluir o restaurante no roteiro.<\/p>\n\n<hr class=\"wp-block-separator has-alpha-channel-opacity\" \/>\n\n<h2 class=\"wp-block-heading\">\ud83c\udf7d Como \u00e9 a Experi\u00eancia Gastron\u00f4mica?<\/h2>\n\n<figure class=\"wp-block-gallery has-nested-images columns-default is-cropped wp-block-gallery-1 is-layout-flex wp-block-gallery-is-layout-flex\">\n<figure class=\"wp-block-image size-large\"><img loading=\"lazy\" decoding=\"async\" width=\"768\" height=\"1024\" data-id=\"8450\" src=\"https:\/\/viagenselugaress.com\/wp-content\/uploads\/2024\/04\/tartine-legumes-frederic-epicerie-leme-768x1024.jpeg\" alt=\"Tartine francesa com legumes e cogumelos na Fr&#xE9;d&#xE9;ric Epicerie no Leme\" class=\"wp-image-8450\" title=\"\" srcset=\"https:\/\/viagenselugaress.com\/wp-content\/uploads\/2024\/04\/tartine-legumes-frederic-epicerie-leme-768x1024.jpeg 768w, https:\/\/viagenselugaress.com\/wp-content\/uploads\/2024\/04\/tartine-legumes-frederic-epicerie-leme-225x300.jpeg 225w, https:\/\/viagenselugaress.com\/wp-content\/uploads\/2024\/04\/tartine-legumes-frederic-epicerie-leme-1152x1536.jpeg 1152w, https:\/\/viagenselugaress.com\/wp-content\/uploads\/2024\/04\/tartine-legumes-frederic-epicerie-leme.jpeg 1200w\" sizes=\"auto, (max-width: 768px) 100vw, 768px\" \/><figcaption class=\"wp-element-caption\">Tartine francesa no Leme<\/figcaption><\/figure>\n\n\n\n<figure class=\"wp-block-image size-large\"><img loading=\"lazy\" decoding=\"async\" width=\"768\" height=\"1024\" data-id=\"8449\" src=\"https:\/\/viagenselugaress.com\/wp-content\/uploads\/2024\/04\/drink-limao-frederic-epicerie-leme-768x1024.jpeg\" alt=\"Tartine francesa com legumes grelhados, cogumelos e tomates servida na Fr&#xE9;d&#xE9;ric Epicerie no bairro do Leme.\" class=\"wp-image-8449\" title=\"\" srcset=\"https:\/\/viagenselugaress.com\/wp-content\/uploads\/2024\/04\/drink-limao-frederic-epicerie-leme-768x1024.jpeg 768w, https:\/\/viagenselugaress.com\/wp-content\/uploads\/2024\/04\/drink-limao-frederic-epicerie-leme-225x300.jpeg 225w, https:\/\/viagenselugaress.com\/wp-content\/uploads\/2024\/04\/drink-limao-frederic-epicerie-leme-1152x1536.jpeg 1152w, https:\/\/viagenselugaress.com\/wp-content\/uploads\/2024\/04\/drink-limao-frederic-epicerie-leme.jpeg 1200w\" sizes=\"auto, (max-width: 768px) 100vw, 768px\" \/><figcaption class=\"wp-element-caption\">Drink refrescante servido no restaurante franc\u00eas Fr\u00e9d\u00e9ric Epicerie.<\/figcaption><\/figure>\n\n\n\n<figure class=\"wp-block-image size-large\"><img loading=\"lazy\" decoding=\"async\" width=\"768\" height=\"1024\" data-id=\"8448\" src=\"https:\/\/viagenselugaress.com\/wp-content\/uploads\/2024\/04\/risoto-carne-frederic-epicerie-leme-768x1024.jpeg\" alt=\"Risoto cremoso com carne e cebola caramelizada na Fr&#xE9;d&#xE9;ric Epicerie no Leme Rio de Janeiro\" class=\"wp-image-8448\" title=\"\" srcset=\"https:\/\/viagenselugaress.com\/wp-content\/uploads\/2024\/04\/risoto-carne-frederic-epicerie-leme-768x1024.jpeg 768w, https:\/\/viagenselugaress.com\/wp-content\/uploads\/2024\/04\/risoto-carne-frederic-epicerie-leme-225x300.jpeg 225w, https:\/\/viagenselugaress.com\/wp-content\/uploads\/2024\/04\/risoto-carne-frederic-epicerie-leme-1152x1536.jpeg 1152w, https:\/\/viagenselugaress.com\/wp-content\/uploads\/2024\/04\/risoto-carne-frederic-epicerie-leme.jpeg 1200w\" sizes=\"auto, (max-width: 768px) 100vw, 768px\" \/><figcaption class=\"wp-element-caption\">Risoto da Fr\u00e9d\u00e9ric Epicerie no Leme<\/figcaption><\/figure>\n<\/figure>\n\n<p>A proposta da Fr\u00e9d\u00e9ric Epicerie \u00e9 clara: celebrar a tradi\u00e7\u00e3o da cozinha francesa com t\u00e9cnica e simplicidade elegante.<\/p>\n\n<p>O card\u00e1pio valoriza:<\/p>\n\n<ul class=\"wp-block-list\">\n<li>Saladas frescas e bem montadas<\/li>\n\n\n\n<li>Sandu\u00edches quentes com inspira\u00e7\u00e3o francesa<\/li>\n\n\n\n<li>Tartines e pratos do dia<\/li>\n\n\n\n<li>P\u00e2tisserie artesanal<\/li>\n\n\n\n<li>Sele\u00e7\u00e3o de vinhos por ta\u00e7a<\/li>\n<\/ul>\n\n<p>Os ingredientes s\u00e3o escolhidos com aten\u00e7\u00e3o e a execu\u00e7\u00e3o prioriza equil\u00edbrio, manteiga no ponto certo e molhos harmoniosos \u2014 caracter\u00edsticas cl\u00e1ssicas da culin\u00e1ria francesa.<\/p>\n\n<p>N\u00e3o \u00e9 um restaurante de por\u00e7\u00f5es exageradas, mas sim focado na experi\u00eancia e na qualidade.<\/p>\n\n<hr class=\"wp-block-separator has-alpha-channel-opacity\" \/>\n\n<h2 class=\"wp-block-heading\">\ud83d\udecd Loja Online e Cestas Gourmet<\/h2>\n\n<p>Um dos diferenciais da Fr\u00e9d\u00e9ric Epicerie \u00e9 sua linha de produtos para encomenda e entrega dentro do munic\u00edpio do Rio de Janeiro.<\/p>\n\n<p>Destaques:<\/p>\n\n<ul class=\"wp-block-list\">\n<li><strong>Cesta Bonjour<\/strong> \u2013 a partir de R$ 250,00<\/li>\n\n\n\n<li><strong>Cesta Brunch<\/strong> \u2013 a partir de R$ 350,00<\/li>\n\n\n\n<li><strong>Cesta Cl\u00e1ssica<\/strong> \u2013 a partir de R$ 290,00<\/li>\n\n\n\n<li><strong>Cesta Especial (Sem gl\u00faten e sem lactose)<\/strong> \u2013 R$ 250,00<\/li>\n\n\n\n<li><strong>Kit Paris<\/strong> \u2013 R$ 210,00<\/li>\n\n\n\n<li><strong>Caixa de Bombom Trufado<\/strong> \u2013 a partir de R$ 49,00<\/li>\n<\/ul>\n\n<p>Os chocolates utilizam mat\u00e9ria-prima Callebaut e a entrega pode ser agendada.<\/p>\n\n<p>Para mais informa\u00e7\u00f5es oficiais, consulte diretamente o restaurante.<\/p>\n\n<hr class=\"wp-block-separator has-alpha-channel-opacity\" \/>\n\n<h2 class=\"wp-block-heading\">\ud83d\udd52 Dias e Hor\u00e1rios<\/h2>\n\n<ul class=\"wp-block-list\">\n<li><strong>Ter\u00e7a-feira:<\/strong> 08:00 \u2013 16:00 | 16:01 \u2013 19:00<\/li>\n\n\n\n<li><strong>Quarta-feira:<\/strong> 08:00 \u2013 16:00 | 16:01 \u2013 19:00<\/li>\n\n\n\n<li><strong>Quinta-feira:<\/strong> 08:00 \u2013 16:00 | 16:01 \u2013 19:00<\/li>\n<\/ul>\n\n<p>Recomenda-se sempre confirmar hor\u00e1rios atualizados antes da visita.<\/p>\n\n<hr class=\"wp-block-separator has-alpha-channel-opacity\" \/>\n\n<h2 class=\"wp-block-heading\">\ud83c\udfd6 Como Incluir no Seu Roteiro no Rio<\/h2>\n\n<p>A Fr\u00e9d\u00e9ric Epicerie pode ser facilmente inclu\u00edda em um roteiro pela Zona Sul.<\/p>\n\n<p>Sugest\u00e3o de combina\u00e7\u00e3o:<\/p>\n\n<ul class=\"wp-block-list\">\n<li>Manh\u00e3 na Praia do Leme<\/li>\n\n\n\n<li>Trilha do Morro da Babil\u00f4nia<\/li>\n\n\n\n<li>Almo\u00e7o ou brunch na Fr\u00e9d\u00e9ric Epicerie<\/li>\n\n\n\n<li>P\u00f4r do sol no Forte do Leme<\/li>\n<\/ul>\n\n<p>Se voc\u00ea est\u00e1 organizando sua viagem, veja nosso guia estrat\u00e9gico:<\/p>\n\n<p><strong>\ud83d\udc49 <a href=\"https:\/\/viagenselugaress.com\/en\/rio-de-janeiro-day-by-day-itinerary\/\">Complete Rio de Janeiro itinerary day by day<\/a><\/strong><\/p>\n\n<hr class=\"wp-block-separator has-alpha-channel-opacity\" \/>\n\n<h2 class=\"wp-block-heading\">\ud83d\udd10 Seguran\u00e7a no Leme<\/h2>\n\n<p>O Leme \u00e9 considerado uma das \u00e1reas mais tranquilas da Zona Sul, mas como em qualquer grande cidade, alguns cuidados s\u00e3o importantes:<\/p>\n\n<ul class=\"wp-block-list\">\n<li>Evite usar celular distraidamente na rua<\/li>\n\n\n\n<li>Prefira transporte por aplicativo \u00e0 noite<\/li>\n\n\n\n<li>Evite ruas muito desertas fora do hor\u00e1rio comercial<\/li>\n<\/ul>\n\n<p>Durante o funcionamento do restaurante, a regi\u00e3o costuma ser bem movimentada.<\/p>\n\n<p>\ud83d\udc49 Leia tamb\u00e9m:<\/p>\n\n<p><a href=\"https:\/\/viagenselugaress.com\/seguranca-no-rio-de-janeiro-dicas-atualizadas\/\">\u00c9 seguro viajar para o Rio de Janeiro?<\/a><\/p>\n\n<hr class=\"wp-block-separator has-alpha-channel-opacity\" \/>\n\n<h2 class=\"wp-block-heading\">\ud83d\udccc Conclus\u00e3o: Fr\u00e9d\u00e9ric Epicerie Vale a Pena?<\/h2>\n\n<p>Sim, especialmente para quem busca uma experi\u00eancia gastron\u00f4mica francesa aut\u00eantica, ambiente intimista e produtos bem executados.<\/p>\n\n<p>N\u00e3o \u00e9 um restaurante tur\u00edstico, mas uma escolha interessante para quem quer variar o roteiro gastron\u00f4mico tradicional do Rio.<\/p>\n\n<hr class=\"wp-block-separator has-alpha-channel-opacity\" \/>\n\n<h2 class=\"wp-block-heading\">\u2708\ufe0f Planeje Sua Viagem para o Rio de Janeiro<\/h2>\n\n<p>Organize tudo com anteced\u00eancia:<\/p>\n\n<ul class=\"wp-block-list\">\n<li>\ud83c\udfe8 <a href=\"https:\/\/tripadvisor.tpo.lv\/GCrZUUPN\" target=\"_blank\" rel=\"noreferrer noopener\">Compare hot\u00e9is no Rio<\/a><\/li>\n\n\n\n<li>\ud83c\udf9f\ufe0f <a href=\"https:\/\/viator.tpo.lv\/3QJRG7LK\" target=\"_blank\" rel=\"noreferrer noopener\">Reserve passeios e experi\u00eancias<\/a><\/li>\n\n\n\n<li>\ud83d\udee1\ufe0f <a href=\"https:\/\/tidd.ly\/4tMmeYe\" target=\"_blank\" rel=\"noreferrer noopener\">Seguro viagem com desconto<\/a><\/li>\n<\/ul>\n\n<p><strong>\ud83d\udc49 <a href=\"https:\/\/viagenselugaress.com\/o-que-fazer-no-rio-de-janeiro\/\">Guia Completo do Rio de Janeiro<\/a><\/strong><\/p>\n\n<p>Salve este post e inclua a Fr\u00e9d\u00e9ric Epicerie no seu pr\u00f3ximo roteiro pelo Leme.<\/p>\n","protected":false},"excerpt":{"rendered":"<p>Se voc\u00ea est\u00e1 montando um roteiro gastron\u00f4mico pelo Rio de Janeiro e quer fugir do \u00f3bvio, a Fr\u00e9d\u00e9ric Epicerie, no bairro do&#8230;<\/p>\n","protected":false},"author":1,"featured_media":8451,"comment_status":"open","ping_status":"open","sticky":false,"template":"","format":"standard","meta":{"_kad_post_transparent":"","_kad_post_title":"","_kad_post_layout":"","_kad_post_sidebar_id":"","_kad_post_content_style":"","_kad_post_vertical_padding":"","_kad_post_feature":"","_kad_post_feature_position":"","_kad_post_header":false,"_kad_post_footer":false,"_kad_post_classname":"","footnotes":""},"categories":[364,390,386,325],"tags":[],"class_list":["post-8460","post","type-post","status-publish","format-standard","has-post-thumbnail","hentry","category-rio-de-janeiro","category-food-dining","category-gastronomia"],"_wp_attached_file":null,"_wp_attachment_metadata":null,"litespeed-optimize-set":null,"litespeed-optimize-size":null,"_wp_attachment_image_alt":null,"_wp_attachment_context":null,"_oembed_517939d3cc9dbf48615b6e2889d4a244":null,"_wp_attachment_custom_header_last_used_airin-blog":null,"_wp_attachment_is_custom_header":null,"_menu_item_type":null,"_menu_item_menu_item_parent":null,"_menu_item_object_id":null,"_menu_item_object":null,"_menu_item_target":null,"_menu_item_classes":null,"_menu_item_xfn":null,"_menu_item_url":null,"_menu_item_orphaned":null,"_a13_mega_menu":null,"_a13_mm_remove_item":null,"_a13_mm_html":null,"_a13_item_icon":null,"_a13_unlinkable":null,"_a13_mm_columns":null,"obfx_menu_icon":null,"_wp_suggested_privacy_policy_content":null,"_content_layout":null,"_content_padding":null,"_content_side_padding":null,"_widget_area":null,"_sidebar_to_show":null,"_content_under_header":null,"_horizontal_header_show_header_at":null,"_subtitle":null,"_title_bar_settings":null,"_title_bar_position":null,"_title_bar_variant":null,"_title_bar_width":null,"_title_bar_image_fit":null,"_title_bar_parallax":null,"_title_bar_parallax_type":null,"_title_bar_parallax_speed":null,"_title_bar_bg_color":null,"_title_bar_title_color":null,"_title_bar_color_1":null,"_title_bar_space_width":null,"_breadcrumbs":null,"_image_or_video":null,"_image_parallax":null,"_image_parallax_height":null,"_post_video":null,"_page_bg_settings":null,"_page_image":null,"_page_image_fit":null,"_page_bg_color":null,"_content_sticky_one_page":null,"_content_sticky_one_page_bullet_color":null,"_content_sticky_one_page_bullet_icon":null,"_customize_changeset_uuid":null,"_cdp_origin":null,"_cdp_origin_site":null,"_cdp_origin_title":null,"_cdp_counter":null,"_oembed_0da56b064e52548bee4b172d9144e156":null,"blogger_internal":"\/feeds\/3356170921233305496\/posts\/default\/6474762079071434244","_yoast_wpseo_primary_category":null,"geo_latitude":"-22.1889406","geo_longitude":"-47.3968064","geo_public":"1","geo_address":"Leme - SP, Brazil","_wp_old_slug":null,"_yoast_wpseo_title":null,"_oembed_be55bbc61146e6c9570114eb3e3c5c63":null,"_oembed_1a17e7f4e63c8b0ab6f7a8ca477b7d7b":null,"_oembed_time_1a17e7f4e63c8b0ab6f7a8ca477b7d7b":null,"_oembed_c354fe654dad148b57583876f93a71e1":null,"_oembed_5a971530bbab3fcfab7b04133b667511":null,"_oembed_time_5a971530bbab3fcfab7b04133b667511":null,"_oembed_2118a9b025e1bcf052d6b45c378d0e8e":null,"_oembed_time_2118a9b025e1bcf052d6b45c378d0e8e":null,"_oembed_dca1c6226f5a6f312fa49536a5de6ef4":null,"_oembed_3d011a5fa68440e94b1d9ef3f55a1a28":null,"_oembed_76383a63f269aec568a5101df5a0d4ff":null,"_oembed_1de83e8f98d64fec8839a376e2e571d3":null,"_oembed_c423e8dad63f56306cc570c9d90d7629":null,"_oembed_dbed336c6f6fb2066d5d9f98cd088d5f":null,"_oembed_389824ac2741b7d941a2cac20414b848":null,"_oembed_87baaa5f33e01b9a420f6122687fa003":null,"_wp_desired_post_slug":null,"blogger_permalink":"\/2024\/04\/descubra-magia-de-frederi-epicerie-uma.html","blogger_blog":"www.viagenselugaress.com","blogger_author":"Travel and Places","_edit_lock":null,"_wp_trash_meta_status":null,"_wp_trash_meta_time":null,"_elementor_edit_mode":null,"_elementor_template_type":null,"_elementor_css":null,"_wp_old_date":null,"_wp_page_template":"default","_edit_last":null,"chromenews-meta-content-alignment":null,"chromenews-meta-content-mode":null,"_yoast_wpseo_content_score":null,"_yoast_wpseo_estimated-reading-time-minutes":null,"_elementor_version":null,"_elementor_data":null,"_elementor_controls_usage":null,"_elementor_page_assets":null,"_elementor_element_cache":null,"_yoast_wpseo_metadesc":null,"_yoast_wpseo_focuskw":null,"_yoast_wpseo_linkdex":null,"views_count":null,"obfx-header-scripts":null,"obfx-footer-scripts":null,"_elementor_page_settings":null,"_thumbnail_id":"8451","_links":{"self":[{"href":"https:\/\/viagenselugaress.com\/en\/wp-json\/wp\/v2\/posts\/8460","targetHints":{"allow":["GET"]}}],"collection":[{"href":"https:\/\/viagenselugaress.com\/en\/wp-json\/wp\/v2\/posts"}],"about":[{"href":"https:\/\/viagenselugaress.com\/en\/wp-json\/wp\/v2\/types\/post"}],"author":[{"embeddable":true,"href":"https:\/\/viagenselugaress.com\/en\/wp-json\/wp\/v2\/users\/1"}],"replies":[{"embeddable":true,"href":"https:\/\/viagenselugaress.com\/en\/wp-json\/wp\/v2\/comments?post=8460"}],"version-history":[{"count":3,"href":"https:\/\/viagenselugaress.com\/en\/wp-json\/wp\/v2\/posts\/8460\/revisions"}],"predecessor-version":[{"id":10368,"href":"https:\/\/viagenselugaress.com\/en\/wp-json\/wp\/v2\/posts\/8460\/revisions\/10368"}],"wp:featuredmedia":[{"embeddable":true,"href":"https:\/\/viagenselugaress.com\/en\/wp-json\/wp\/v2\/media\/8451"}],"wp:attachment":[{"href":"https:\/\/viagenselugaress.com\/en\/wp-json\/wp\/v2\/media?parent=8460"}],"wp:term":[{"taxonomy":"category","embeddable":true,"href":"https:\/\/viagenselugaress.com\/en\/wp-json\/wp\/v2\/categories?post=8460"},{"taxonomy":"post_tag","embeddable":true,"href":"https:\/\/viagenselugaress.com\/en\/wp-json\/wp\/v2\/tags?post=8460"}],"curies":[{"name":"wp","href":"https:\/\/api.w.org\/{rel}","templated":true}]}}