{"id":11980,"date":"2026-06-03T02:38:36","date_gmt":"2026-06-03T05:38:36","guid":{"rendered":"https:\/\/viagenselugaress.com\/?p=11980"},"modified":"2026-08-30T17:24:56","modified_gmt":"2026-08-30T20:24:56","slug":"10-restaurantes-con-vistas-en-rio-de-janeiro-2026","status":"publish","type":"post","link":"https:\/\/viagenselugaress.com\/es\/10-restaurantes-con-vistas-en-rio-de-janeiro-2026\/","title":{"rendered":"10 restaurantes con vistas en R\u00edo de Janeiro (2026)"},"content":{"rendered":"\n<p class=\"wp-block-paragraph\"><strong>\u00daltima actualizaci\u00f3n:<\/strong> 26 de agosto de 2026<\/p>\n\n\n\n<p class=\"wp-block-paragraph\">Los <strong>restaurantes con vistas en R\u00edo de Janeiro<\/strong> est\u00e1n entre las experiencias m\u00e1s memorables que ofrece la ciudad. En R\u00edo, comer bien mientras admiras el Pan de Az\u00facar, la playa de Ipanema o la bah\u00eda de Guanabara no es un lujo: es un plan que toda visita merece.<\/p>\n\n\n\n<p class=\"wp-block-paragraph\">En esta gu\u00eda de <em>Viagens e Lugares<\/em>, reunimos los <strong>10 mejores restaurantes con vistas en R\u00edo de Janeiro<\/strong>, con direcciones, informaci\u00f3n pr\u00e1ctica y rangos de precios de referencia para ayudarte a planificar. Como los horarios, men\u00fas y precios pueden cambiar, confirma los datos directamente con cada establecimiento antes de ir. De Urca a Vidigal, de Copacabana a Santa Teresa, hay opciones para todos los gustos y presupuestos.<\/p>\n\n\n\n<p class=\"wp-block-paragraph\">\ud83d\udc49 Antes de reservar tu mesa, consulta tambi\u00e9n:<\/p>\n\n\n\n<ul class=\"wp-block-list\">\n<li>Qu\u00e9 hacer en R\u00edo de Janeiro: gu\u00eda completa<\/li>\n\n\n\n<li><a href=\"https:\/\/viagenselugaress.com\/onde-comer\/\">Gu\u00eda de restaurantes en R\u00edo de Janeiro<\/a><\/li>\n\n\n\n<li>Itinerario por R\u00edo de Janeiro d\u00eda a d\u00eda<\/li>\n\n\n\n<li><a href=\"https:\/\/viagenselugaress.com\/onde-ficar-no-rio-de-janeiro\/\">D\u00f3nde alojarse en R\u00edo de Janeiro<\/a><\/li>\n\n\n\n<li>Gu\u00eda completa de la playa de Ipanema<\/li>\n\n\n\n<li>Desayuno en el Morro da Urca<\/li>\n<\/ul>\n\n\n\n<hr class=\"wp-block-separator has-alpha-channel-opacity\"\/>\n\n\n<style>.kb-table-of-content-nav.kb-table-of-content-idvista_rest_26 .kb-table-of-content-wrap{padding-top:var(--global-kb-spacing-sm, 1.5rem);padding-right:var(--global-kb-spacing-sm, 1.5rem);padding-bottom:var(--global-kb-spacing-sm, 1.5rem);padding-left:var(--global-kb-spacing-sm, 1.5rem);}.kb-table-of-content-nav.kb-table-of-content-idvista_rest_26 .kb-table-of-contents-title-wrap{padding-top:0px;padding-right:0px;padding-bottom:0px;padding-left:0px;}.kb-table-of-content-nav.kb-table-of-content-idvista_rest_26 .kb-table-of-contents-title{font-weight:regular;font-style:normal;}.kb-table-of-content-nav.kb-table-of-content-idvista_rest_26 .kb-table-of-content-wrap .kb-table-of-content-list{font-weight:regular;font-style:normal;margin-top:var(--global-kb-spacing-sm, 1.5rem);margin-right:0px;margin-bottom:0px;margin-left:0px;}<\/style>\n\n\n<hr class=\"wp-block-separator has-alpha-channel-opacity\"\/>\n\n\n\n<h2 class=\"wp-block-heading\">\ud83d\udcca Resumen: los 10 mejores restaurantes con vistas en R\u00edo de Janeiro<\/h2>\n\n\n\n<figure class=\"wp-block-table\"><table class=\"has-fixed-layout\"><thead><tr><th>#<\/th><th>Restaurante<\/th><th>Barrio<\/th><th>Vista<\/th><th>Rango de precios<\/th><th>\u00bfReserva?<\/th><\/tr><\/thead><tbody><tr><td>1<\/td><td>Cl\u00e1ssico Beach Club<\/td><td>Urca \u2014 Pan de Az\u00facar<\/td><td>Bah\u00eda de Guanabara, Cristo, ciudad<\/td><td>Consultar men\u00fa actual<\/td><td>No (por orden de llegada)<\/td><\/tr><tr><td>2<\/td><td>Terra Brasilis<\/td><td>Urca \u2014 Praia Vermelha<\/td><td>Praia Vermelha + Pan de Az\u00facar<\/td><td>R$ 55\u2013120<\/td><td>S\u00ed (recomendado)<\/td><\/tr><tr><td>3<\/td><td>Bar e Restaurante Urca<\/td><td>Urca<\/td><td>Bah\u00eda de Guanabara + Cristo<\/td><td>R$ 40\u201390<\/td><td>No<\/td><\/tr><tr><td>4<\/td><td>Apraz\u00edvel<\/td><td>Santa Teresa<\/td><td>Bah\u00eda de Guanabara + Lapa<\/td><td>R$ 70\u2013180<\/td><td>S\u00ed<\/td><\/tr><tr><td>5<\/td><td>Bar da Laje<\/td><td>Vidigal<\/td><td>Ipanema + Dois Irm\u00e3os<\/td><td>R$ 40\u2013100<\/td><td>No<\/td><\/tr><tr><td>6<\/td><td>Vizta Rooftop<\/td><td>Copacabana<\/td><td>Todo el paseo mar\u00edtimo de Copacabana<\/td><td>R$ 50\u2013150<\/td><td>S\u00ed<\/td><\/tr><tr><td>7<\/td><td>Sky Leme \u2014 Novotel<\/td><td>Leme<\/td><td>Leme + Copacabana + mar<\/td><td>R$ 50\u2013130<\/td><td>Recomendado<\/td><\/tr><tr><td>8<\/td><td>MASI \u2014 Hotel Nacional<\/td><td>S\u00e3o Conrado<\/td><td>S\u00e3o Conrado + mar (30.\u00ba piso)<\/td><td>R$ 50\u2013150<\/td><td>S\u00ed<\/td><\/tr><tr><td>9<\/td><td>Assador Rio&#8217;s<\/td><td>Aterro do Flamengo<\/td><td>Bah\u00eda de Guanabara + Pan de Az\u00facar<\/td><td>Consultar precio actual<\/td><td>S\u00ed<\/td><\/tr><tr><td>10<\/td><td>23 Ocean Lounge \u2014 Sofitel<\/td><td>Ipanema<\/td><td>Playa de Ipanema + Dois Irm\u00e3os<\/td><td>R$ 46\u2013120<\/td><td>Recomendado<\/td><\/tr><\/tbody><\/table><\/figure>\n\n\n\n<hr class=\"wp-block-separator has-alpha-channel-opacity\"\/>\n\n\n\n<h2 class=\"wp-block-heading\">\ud83c\udfc6 1. Cl\u00e1ssico Beach Club \u2014 Vistas del Morro da Urca<\/h2>\n\n\n\n<figure class=\"wp-block-image size-large\"><img loading=\"lazy\" decoding=\"async\" width=\"1024\" height=\"768\" src=\"https:\/\/viagenselugaress.com\/wp-content\/uploads\/2026\/06\/restaurante-com-vista-para-o-mar-rio-de-janeiro-Classico-Beach-Club-1024x768.jpg\" alt=\"Cl\u00e1ssico Beach Club, un restaurante con vistas al mar en R\u00edo de Janeiro\" class=\"wp-image-11087\" title=\"\" srcset=\"https:\/\/viagenselugaress.com\/wp-content\/uploads\/2026\/06\/restaurante-com-vista-para-o-mar-rio-de-janeiro-Classico-Beach-Club-1024x768.jpg 1024w, https:\/\/viagenselugaress.com\/wp-content\/uploads\/2026\/06\/restaurante-com-vista-para-o-mar-rio-de-janeiro-Classico-Beach-Club-300x225.jpg 300w, https:\/\/viagenselugaress.com\/wp-content\/uploads\/2026\/06\/restaurante-com-vista-para-o-mar-rio-de-janeiro-Classico-Beach-Club-768x576.jpg 768w, https:\/\/viagenselugaress.com\/wp-content\/uploads\/2026\/06\/restaurante-com-vista-para-o-mar-rio-de-janeiro-Classico-Beach-Club-1536x1152.jpg 1536w, https:\/\/viagenselugaress.com\/wp-content\/uploads\/2026\/06\/restaurante-com-vista-para-o-mar-rio-de-janeiro-Classico-Beach-Club-2048x1536.jpg 2048w\" sizes=\"auto, (max-width: 1024px) 100vw, 1024px\" \/><figcaption class=\"wp-element-caption\">Cl\u00e1ssico Beach Club<\/figcaption><\/figure>\n\n\n\n<p class=\"wp-block-paragraph\">El <strong>Cl\u00e1ssico Beach Club<\/strong> subi\u00f3 literalmente al Pan de Az\u00facar. Ubicado en el Pan de Az\u00facar, en el segundo morro del Parque Bondinho, el restaurante ofrece una de las vistas m\u00e1s \u00e9picas de R\u00edo: la bah\u00eda de Guanabara, el Cristo Redentor, Botafogo y toda la ciudad extendida a sus pies.<\/p>\n\n\n\n<p class=\"wp-block-paragraph\">Es el tipo de lugar donde el desayuno se convierte en una experiencia, el almuerzo en un paseo y el atardecer en un espect\u00e1culo. El men\u00fa incluye desde s\u00e1ndwiches gourmet hasta aperitivos, ceviche, brochetas y c\u00f3cteles de autor. Para llegar hay que comprar la <strong>entrada del telef\u00e9rico<\/strong>: no se cobra una entrada adicional al Cl\u00e1ssico. Las mesas se ocupan por orden de llegada y no se aceptan reservas.<\/p>\n\n\n\n<p class=\"wp-block-paragraph\">Lee nuestra <a href=\"https:\/\/viagenselugaress.com\/cafe-da-manha-no-morro-da-urca\/\">gu\u00eda completa del desayuno en el Pan de Az\u00facar<\/a> para saber c\u00f3mo es la experiencia y qu\u00e9 conviene confirmar antes de ir.<\/p>\n\n\n\n<ul class=\"wp-block-list\">\n<li>\ud83d\udccd <strong>Direcci\u00f3n:<\/strong> Av. Pasteur, 520 \u2014 Urca (acceso exclusivo por el telef\u00e9rico)<\/li>\n\n\n\n<li>\u23f0 <strong>Horario:<\/strong> Todos los d\u00edas, de 8:30 a 20:00. El horario espec\u00edfico del desayuno puede variar; conf\u00edrmalo con Cl\u00e1ssico antes de la visita.<\/li>\n\n\n\n<li>\ud83d\udcb0 <strong>Precios:<\/strong> Desayuno R$ 40\u201370 por persona | C\u00f3cteles desde R$ 37 | Platos principales R$ 90\u2013130<\/li>\n\n\n\n<li>\ud83c\udf9f\ufe0f <strong>Acceso:<\/strong> Es necesario comprar la entrada del Parque Bondinho. En agosto de 2026, el billete regular cuesta R$ 205 y hay una tarifa promocional de R$ 160 para personas nacidas o residentes en Brasil; confirma el precio antes de comprar. Cl\u00e1ssico no cobra una entrada adicional.<\/li>\n\n\n\n<li>\u2139\ufe0f <strong>Reservas:<\/strong> No acepta reservas; mesas por orden de llegada<\/li>\n\n\n\n<li>\ud83c\udf10 classicobeachclub.com.br<\/li>\n<\/ul>\n\n\n\n<blockquote class=\"wp-block-quote is-layout-flow wp-block-quote-is-layout-flow\">\n<p class=\"wp-block-paragraph\">\ud83d\udca1 <strong>Consejo:<\/strong> Llega temprano: las mesas con mejores vistas se ocupan r\u00e1pidamente. Los fines de semana, llega temprano si quieres conseguir una mesa con buena vista y confirma previamente el horario espec\u00edfico del desayuno.<\/p>\n<\/blockquote>\n\n\n\n<hr class=\"wp-block-separator has-alpha-channel-opacity\"\/>\n\n\n\n<h2 class=\"wp-block-heading\">\ud83e\udd69 2. Terra Brasilis \u2014 Praia Vermelha y Pan de Az\u00facar<\/h2>\n\n\n\n<figure class=\"wp-block-image size-full is-resized\"><img loading=\"lazy\" decoding=\"async\" width=\"268\" height=\"599\" src=\"https:\/\/viagenselugaress.com\/wp-content\/uploads\/2026\/06\/Restaurante-Terra-Brasilis-na-urca.jpg\" alt=\"Vista del restaurante Terra Brasilis en Urca\" class=\"wp-image-11090\" style=\"aspect-ratio:1.6666666666666667;object-fit:contain;width:833px;height:auto\" title=\"\" srcset=\"https:\/\/viagenselugaress.com\/wp-content\/uploads\/2026\/06\/Restaurante-Terra-Brasilis-na-urca.jpg 268w, https:\/\/viagenselugaress.com\/wp-content\/uploads\/2026\/06\/Restaurante-Terra-Brasilis-na-urca-134x300.jpg 134w\" sizes=\"auto, (max-width: 268px) 100vw, 268px\" \/><figcaption class=\"wp-element-caption\">Vista del restaurante Terra Brasilis en <\/figcaption><\/figure>\n\n\n\n<p class=\"wp-block-paragraph\">El <strong>Terra Brasilis<\/strong> es un cl\u00e1sico carioca. Ubicado dentro del C\u00edrculo Militar de Praia Vermelha, al pie del Pan de Az\u00facar, el restaurante combina cocina regional brasile\u00f1a con una de las vistas m\u00e1s bonitas de Urca: frente a la playa, con las monta\u00f1as enmarcando el paisaje.<\/p>\n\n\n\n<p class=\"wp-block-paragraph\">Dividido en tres ambientes \u2014sal\u00f3n interior, terraza y \u00e1rea exterior\u2014, Terra Brasilis sirve platos como la famosa feijoada, moquecas y pescados de la Amazonia, como el piraruc\u00fa. De mi\u00e9rcoles a s\u00e1bado, a partir de las 19:00, hay m\u00fasica en vivo de MPB. Durante la hora feliz, el lugar es muy concurrido.<\/p>\n\n\n\n<ul class=\"wp-block-list\">\n<li>\ud83d\udccd <strong>Direcci\u00f3n:<\/strong> Pra\u00e7a General Tib\u00farcio, s\/n \u2014 Praia Vermelha, Urca (dentro del C\u00edrculo Militar)<\/li>\n\n\n\n<li>\u23f0 <strong>Horario:<\/strong> Todos los d\u00edas, incluidos los festivos, de 12:00 a 23:00<\/li>\n\n\n\n<li>\ud83d\udcb0 <strong>Precios:<\/strong> Feijoada R$ 55 por persona | Platos principales R$ 70\u2013120 | C\u00f3cteles R$ 25\u201345<\/li>\n\n\n\n<li>\ud83c\udfb5 <strong>M\u00fasica en vivo:<\/strong> De mi\u00e9rcoles a s\u00e1bado a partir de las 19:00 (cargo art\u00edstico de R$ 10 por persona)<\/li>\n\n\n\n<li>\u2139\ufe0f <strong>Reservas:<\/strong> (21) 2275-4651 | reservas@restauranteterrabrasilis.com.br<\/li>\n\n\n\n<li>\ud83c\udf10 restauranteterrabrasilis.com.br<\/li>\n<\/ul>\n\n\n\n<blockquote class=\"wp-block-quote is-layout-flow wp-block-quote-is-layout-flow\">\n<p class=\"wp-block-paragraph\">\ud83d\udca1 <strong>Consejo:<\/strong> Llega con 30\u201340 minutos de antelaci\u00f3n los fines de semana, especialmente si quieres conseguir una mesa en la terraza con vistas directas al Pan de Az\u00facar. Es habitual que se forme cola antes de la apertura.<\/p>\n<\/blockquote>\n\n\n\n<hr class=\"wp-block-separator has-alpha-channel-opacity\"\/>\n\n\n\n<h2 class=\"wp-block-heading\">\ud83e\udd91 3. Bar e Restaurante Urca \u2014 La bah\u00eda de Guanabara a pocos pasos del mar<\/h2>\n\n\n\n<p class=\"wp-block-paragraph\">El <strong>Bar e Restaurante Urca<\/strong> es uno de los favoritos de los cariocas y tambi\u00e9n de los viajeros que descubren este rinc\u00f3n tranquilo. Distribuido en dos plantas \u2014boteco abajo y restaurante con sal\u00f3n en la entreplanta\u2014, ofrece vistas directas a la bah\u00eda de Guanabara y al Cristo Redentor al fondo.<\/p>\n\n\n\n<p class=\"wp-block-paragraph\">El men\u00fa combina cocina portuguesa y brasile\u00f1a, con \u00e9nfasis en los mariscos: bolinho de terrinha, bob\u00f3 de camarones, caldo de mariscos y caldeirada. Las paredes est\u00e1n cubiertas de dedicatorias de celebridades; incluso Metallica ha estado aqu\u00ed. Ambiente relajado, porciones generosas y precios justos para la ubicaci\u00f3n.<\/p>\n\n\n\n<ul class=\"wp-block-list\">\n<li>\ud83d\udccd <strong>Direcci\u00f3n:<\/strong> R. C\u00e2ndido Gaffr\u00e9e, 205 \u2014 Urca (bar abajo, restaurante en la entreplanta)<\/li>\n\n\n\n<li>\u23f0 <strong>Horario:<\/strong> De lunes a s\u00e1bado, de 11:30 a 23:00 | Domingo, de 11:30 a 18:00<\/li>\n\n\n\n<li>\ud83d\udcb0 <strong>Precios:<\/strong> Entradas R$ 30\u201360 | Platos principales R$ 60\u2013100 | Cervezas desde R$ 12<\/li>\n\n\n\n<li>\u2139\ufe0f <strong>Reservas:<\/strong> No acepta reservas; mesas por orden de llegada<\/li>\n<\/ul>\n\n\n\n<blockquote class=\"wp-block-quote is-layout-flow wp-block-quote-is-layout-flow\">\n<p class=\"wp-block-paragraph\">\ud83d\udca1 <strong>Consejo:<\/strong> El atardecer aqu\u00ed es espectacular: llega alrededor de las 17:00 para asegurarte una buena mesa. Es un plan incre\u00edble antes de subir al telef\u00e9rico del Pan de Az\u00facar.<\/p>\n<\/blockquote>\n\n\n\n<hr class=\"wp-block-separator has-alpha-channel-opacity\"\/>\n\n\n\n<h2 class=\"wp-block-heading\">\ud83c\udf3f 4. Apraz\u00edvel \u2014 Vistas de Santa Teresa y presencia en la Gu\u00eda Michelin<\/h2>\n\n\n\n<p class=\"wp-block-paragraph\">El <strong>Apraz\u00edvel<\/strong> no es solo un restaurante con vistas: es una experiencia completa. Ubicado en la parte alta de Santa Teresa, en una propiedad que combina jard\u00edn, cenador, palafito y terraza entre \u00e1rboles centenarios, ofrece una de las vistas m\u00e1s impresionantes de R\u00edo: la bah\u00eda de Guanabara, Lapa y el centro hist\u00f3rico all\u00e1 abajo.<\/p>\n\n\n\n<p class=\"wp-block-paragraph\">Incluido en la <strong>Gu\u00eda Michelin 2026<\/strong>, Apraz\u00edvel est\u00e1 dirigido por la chef Ana Castilho y ofrece cocina brasile\u00f1a artesanal elaborada con ingredientes org\u00e1nicos y biodin\u00e1micos de distintas regiones del pa\u00eds. Entre los platos destacados est\u00e1n el ceviche en tucup\u00ed con chips de pl\u00e1tano, la galinhada caipira con longaniza de Minas Gerais y una excelente selecci\u00f3n de vinos naturales 100 % brasile\u00f1os.<\/p>\n\n\n\n<ul class=\"wp-block-list\">\n<li>\ud83d\udccd <strong>Direcci\u00f3n:<\/strong> R. Apraz\u00edvel, 62 \u2014 Santa Teresa, R\u00edo de Janeiro (c\u00f3digo postal: 20241-270)<\/li>\n\n\n\n<li>\u23f0 <strong>Horario:<\/strong> De martes a s\u00e1bado, de 12:00 a 23:00 | Domingo, de 12:00 a 18:00 | Cierra los lunes<\/li>\n\n\n\n<li>\ud83d\udcb0 <strong>Precios:<\/strong> Entradas R$ 40\u201380 | Platos principales R$ 80\u2013180 | Cervezas artesanales de la casa desde R$ 25<\/li>\n\n\n\n<li>\ud83d\udcde <strong>Tel\u00e9fono:<\/strong> (21) 2508-9174<\/li>\n\n\n\n<li>\u2139\ufe0f <strong>Reservas:<\/strong> Recomendadas, especialmente los fines de semana<\/li>\n\n\n\n<li>\ud83c\udf10 aprazivel.com.br<\/li>\n<\/ul>\n\n\n\n<blockquote class=\"wp-block-quote is-layout-flow wp-block-quote-is-layout-flow\">\n<p class=\"wp-block-paragraph\">\ud83d\udca1 <strong>Consejo:<\/strong> Pide una mesa en la terraza o en el palafito: son los mejores lugares con vistas. La cerveza artesanal Apraz\u00edvel tiene cuatro variedades exclusivas: Pale Ale, Session IPA, Pilsen y Wit.<\/p>\n<\/blockquote>\n\n\n\n<hr class=\"wp-block-separator has-alpha-channel-opacity\"\/>\n\n\n\n<h2 class=\"wp-block-heading\">\ud83c\udfb6 5. Bar da Laje \u2014 La vista m\u00e1s famosa de Vidigal<\/h2>\n\n\n\n<p class=\"wp-block-paragraph\">El <strong>Bar da Laje<\/strong> es uno de los lugares de R\u00edo m\u00e1s comentados en Instagram, y con raz\u00f3n. Ubicado en lo alto de Vidigal, ofrece una de las vistas m\u00e1s impactantes de la ciudad: la playa de Ipanema, el Morro Dois Irm\u00e3os y el oc\u00e9ano Atl\u00e1ntico se despliegan en un panorama impresionante.<\/p>\n\n\n\n<p class=\"wp-block-paragraph\">El Bar da Laje, declarado Patrimonio Hist\u00f3rico, Cultural y Tur\u00edstico del Estado de R\u00edo de Janeiro, sirve platos de cocina brasile\u00f1a \u2014con destaque para la feijoada de los fines de semana\u2014, c\u00f3cteles, aperitivos y cervezas fr\u00edas. De jueves a viernes funciona como bar con m\u00fasica ambiental; los s\u00e1bados, domingos y festivos, el ambiente se convierte en un evento con DJ, bailarinas y bater\u00eda de escuela de samba.<\/p>\n\n\n\n<ul class=\"wp-block-list\">\n<li>\ud83d\udccd <strong>Direcci\u00f3n:<\/strong> R. Armando Almeida Lima, 8 \u2014 Vidigal<\/li>\n\n\n\n<li>\u23f0 <strong>Horario:<\/strong> Todos los d\u00edas a partir de las 12:00; confirma el horario de cierre y la programaci\u00f3n antes de subir.<\/li>\n\n\n\n<li>\ud83d\udcb0 <strong>Precios:<\/strong> Feijoada R$ 55 por persona | C\u00f3cteles R$ 25\u201350 | Entrada: R$ 50\u201360 los d\u00edas de evento (s\u00e1bados y domingos despu\u00e9s de las 16:00)<\/li>\n\n\n\n<li>\ud83d\ude90 <strong>Acceso:<\/strong> Desde la entrada de Vidigal, sube en mototaxi (R$ 10\u201315) o en una combi local<\/li>\n\n\n\n<li>\u2139\ufe0f <strong>Reservas:<\/strong> No acepta reservas; mesas por orden de llegada<\/li>\n<\/ul>\n\n\n\n<blockquote class=\"wp-block-quote is-layout-flow wp-block-quote-is-layout-flow\">\n<p class=\"wp-block-paragraph\">\ud83d\udca1 <strong>Consejo:<\/strong> Vidigal es una de las comunidades m\u00e1s visitadas de R\u00edo; el acceso es tranquilo durante el d\u00eda. Sube en mototaxi desde la entrada (se accede por Rua Arroio Pavuna). Llega antes de las 14:00 para conseguir un mejor lugar con vistas.<\/p>\n<\/blockquote>\n\n\n\n<hr class=\"wp-block-separator has-alpha-channel-opacity\"\/>\n\n\n\n<h2 class=\"wp-block-heading\">\ud83c\udf05 6. Vizta Rooftop \u2014 Toda Copacabana al alcance de la vista<\/h2>\n\n\n<div class=\"wp-block-image\">\n<figure class=\"aligncenter size-large is-resized\"><img loading=\"lazy\" decoding=\"async\" width=\"1836\" height=\"2754\" src=\"https:\/\/viagenselugaress.com\/wp-content\/uploads\/2026\/06\/sobremesa-vizta-rooftop-copacabana-edited-scaled.jpg\" alt=\"Postre gourmet servido en Vizta Rooftop con vistas a Copacabana\" class=\"wp-image-11099\" style=\"object-fit:cover;width:450px;height:450px\" title=\"\" srcset=\"https:\/\/viagenselugaress.com\/wp-content\/uploads\/2026\/06\/sobremesa-vizta-rooftop-copacabana-edited-scaled.jpg 1836w, https:\/\/viagenselugaress.com\/wp-content\/uploads\/2026\/06\/sobremesa-vizta-rooftop-copacabana-edited-768x1152.jpg 768w\" sizes=\"auto, (max-width: 1836px) 100vw, 1836px\" \/><figcaption class=\"wp-element-caption\">Postre gourmet servido en Vizta Rooftop con vistas a Copacabana<\/figcaption><\/figure>\n<\/div>\n\n\n<p class=\"wp-block-paragraph\">El <strong>Vizta Rooftop<\/strong> est\u00e1 en lo alto del Grand Mercure Copacabana y ofrece exactamente lo que promete su nombre: todo el paseo mar\u00edtimo de Copacabana de un extremo al otro, desde Leme hasta Posto 6, con el Pan de Az\u00facar y el Corcovado enmarcando el horizonte.<\/p>\n\n\n\n<p class=\"wp-block-paragraph\">El ambiente es moderno, sofisticado y c\u00f3modo, ideal para un desayuno especial, un almuerzo con vistas o una cena al atardecer. El men\u00fa ofrece opciones de cocina contempor\u00e1nea, c\u00f3cteles de autor y una selecci\u00f3n de aperitivos. Destacan el ceviche y los bocaditos. Para quienes buscan un <strong>restaurante con vistas en Copacabana<\/strong>, es la mejor opci\u00f3n.<\/p>\n\n\n\n<p class=\"wp-block-paragraph\">Lee nuestra experiencia completa en Vizta Rooftop Copacabana, con precios actualizados y consejos pr\u00e1cticos.<\/p>\n\n\n\n<ul class=\"wp-block-list\">\n<li>\ud83d\udccd <strong>Direcci\u00f3n:<\/strong> Grand Mercure Copacabana \u2014 Av. Nossa Sra. de Copacabana (consulta en el hotel c\u00f3mo acceder)<\/li>\n\n\n\n<li>\u23f0 <strong>Horario:<\/strong> Todos los d\u00edas (consulta el sitio web para conocer los horarios actualizados)<\/li>\n\n\n\n<li>\ud83d\udcb0 <strong>Precios:<\/strong> Entradas R$ 40\u201380 | C\u00f3cteles R$ 45\u201390 | Platos R$ 70\u2013150<\/li>\n\n\n\n<li>\u2139\ufe0f <strong>Reservas:<\/strong> Recomendadas, especialmente los fines de semana<\/li>\n\n\n\n<li>\ud83c\udf10 Consulta la gu\u00eda completa en Viagens e Lugares<\/li>\n<\/ul>\n\n\n\n<blockquote class=\"wp-block-quote is-layout-flow wp-block-quote-is-layout-flow\">\n<p class=\"wp-block-paragraph\">\ud83d\udca1 <strong>Consejo:<\/strong> Ve al final de la tarde para ver el atardecer con el paseo mar\u00edtimo de Copacabana ba\u00f1ado por una luz dorada. Es uno de los mejores espect\u00e1culos gratuitos de la ciudad, acompa\u00f1ado de comida de calidad.<\/p>\n<\/blockquote>\n\n\n\n<hr class=\"wp-block-separator has-alpha-channel-opacity\"\/>\n\n\n\n<h2 class=\"wp-block-heading\">\ud83c\udfca 7. Sky Leme \u2014 Rooftop con piscina y vistas al mar<\/h2>\n\n\n<div class=\"wp-block-image\">\n<figure class=\"aligncenter size-large is-resized\"><img loading=\"lazy\" decoding=\"async\" width=\"768\" height=\"1024\" src=\"https:\/\/viagenselugaress.com\/wp-content\/uploads\/2025\/09\/IMG20250919140643-768x1024.jpg\" alt=\"Plato de bruschetta en el restaurante SKY Leme\" class=\"wp-image-3859\" style=\"object-fit:cover;width:450px;height:450px\" title=\"\" srcset=\"https:\/\/viagenselugaress.com\/wp-content\/uploads\/2025\/09\/IMG20250919140643-768x1024.jpg 768w, https:\/\/viagenselugaress.com\/wp-content\/uploads\/2025\/09\/IMG20250919140643-225x300.jpg 225w, https:\/\/viagenselugaress.com\/wp-content\/uploads\/2025\/09\/IMG20250919140643-1152x1536.jpg 1152w, https:\/\/viagenselugaress.com\/wp-content\/uploads\/2025\/09\/IMG20250919140643-1536x2048.jpg 1536w, https:\/\/viagenselugaress.com\/wp-content\/uploads\/2025\/09\/IMG20250919140643-scaled.jpg 1920w\" sizes=\"auto, (max-width: 768px) 100vw, 768px\" \/><figcaption class=\"wp-element-caption\">Plato de bruschetta en el restaurante SKY Leme<\/figcaption><\/figure>\n<\/div>\n\n\n<p class=\"wp-block-paragraph\">El <strong>Sky Leme<\/strong> es el rooftop del Novotel Leme y combina lo mejor de todo: piscina, lounge, bar y gastronom\u00eda, con una vista panor\u00e1mica privilegiada de Leme y de todo el paseo mar\u00edtimo de Copacabana al fondo.<\/p>\n\n\n\n<p class=\"wp-block-paragraph\">Con una est\u00e9tica contempor\u00e1nea y ambiente de resort, Sky Leme recibe tanto a hu\u00e9spedes del hotel como al p\u00fablico externo. El men\u00fa incluye opciones ligeras, c\u00f3cteles cl\u00e1sicos y c\u00f3cteles de autor, todo con ese tel\u00f3n de fondo del mar carioca. Es ideal para un almuerzo prolongado o una hora feliz que comienza temprano y termina cuando se despide el sol.<\/p>\n\n\n\n<p class=\"wp-block-paragraph\">Consulta nuestro an\u00e1lisis completo: Sky Leme Novotel: \u00bfvale la pena?<\/p>\n\n\n\n<ul class=\"wp-block-list\">\n<li>\ud83d\udccd <strong>Direcci\u00f3n:<\/strong> Novotel Rio de Janeiro Leme \u2014 Rua Gustavo Sampaio, 320 \u2014 Leme<\/li>\n\n\n\n<li>\u23f0 <strong>Horario:<\/strong> Todos los d\u00edas; consulta el horario actualizado en el sitio web del hotel<\/li>\n\n\n\n<li>\ud83d\udcb0 <strong>Precios:<\/strong> C\u00f3cteles R$ 35\u201380 | Platos R$ 50\u2013130<\/li>\n\n\n\n<li>\u2139\ufe0f <strong>Reservas:<\/strong> Recomendadas los fines de semana<\/li>\n\n\n\n<li>\ud83c\udf10 novotel.com \u2014 busca Novotel Leme Rio<\/li>\n<\/ul>\n\n\n\n<blockquote class=\"wp-block-quote is-layout-flow wp-block-quote-is-layout-flow\">\n<p class=\"wp-block-paragraph\">\ud83d\udca1 <strong>Consejo:<\/strong> Los visitantes externos \u2014que no son hu\u00e9spedes\u2014 pueden acceder a Sky Leme con un consumo m\u00ednimo. Confirma la pol\u00edtica vigente antes de ir, ya que puede variar seg\u00fan la temporada.<\/p>\n<\/blockquote>\n\n\n\n<hr class=\"wp-block-separator has-alpha-channel-opacity\"\/>\n\n\n\n<h2 class=\"wp-block-heading\">\ud83c\udf71 8. MASI \u2014 Jap\u00f3n contempor\u00e1neo en el piso 30 de S\u00e3o Conrado<\/h2>\n\n\n\n<p class=\"wp-block-paragraph\">El <strong>MASI<\/strong> est\u00e1 en el piso 30 del hist\u00f3rico Hotel Nacional, en S\u00e3o Conrado, dise\u00f1ado por Oscar Niemeyer. La vista es extraordinaria: la playa de S\u00e3o Conrado, enmarcada por las monta\u00f1as verdes y el azul del Atl\u00e1ntico, se despliega en un panorama de 180 grados.<\/p>\n\n\n\n<p class=\"wp-block-paragraph\">Bajo la direcci\u00f3n del chef Nao Hara, MASI combina el Jap\u00f3n contempor\u00e1neo con toques mediterr\u00e1neos en un ambiente elegante y acristalado. Es ideal para un almuerzo con luz natural o una cena al atardecer. Entre los platos destacados est\u00e1n el tartar de salm\u00f3n con caviar mujol y crostini (R$ 52), el steak de at\u00fan con arroz cremoso de lim\u00f3n y champi\u00f1ones (R$ 98) y el \u00e9clair con frutos rojos (R$ 38).<\/p>\n\n\n\n<ul class=\"wp-block-list\">\n<li>\ud83d\udccd <strong>Direcci\u00f3n:<\/strong> Avenida Niemeyer, 769 \u2014 S\u00e3o Conrado | Piso 30 del Hotel Nacional<\/li>\n\n\n\n<li>\u23f0 <strong>Horario:<\/strong> Todos los d\u00edas, de 13:00 a 00:00<\/li>\n\n\n\n<li>\ud83d\udcb0 <strong>Precios:<\/strong> Entradas R$ 38\u201365 | Platos principales R$ 85\u2013150 | Postres R$ 35\u201350<\/li>\n\n\n\n<li>\u2139\ufe0f <strong>Reservas:<\/strong> Recomendadas; ambiente \u00edntimo<\/li>\n<\/ul>\n\n\n\n<blockquote class=\"wp-block-quote is-layout-flow wp-block-quote-is-layout-flow\">\n<p class=\"wp-block-paragraph\">\ud83d\udca1 <strong>Consejo:<\/strong> El Hotel Nacional es un patrimonio arquitect\u00f3nico \u00fanico en el mundo. Aunque no cenes en MASI, vale la pena visitar el vest\u00edbulo dise\u00f1ado por Oscar Niemeyer. Intenta combinar la visita con un paseo por S\u00e3o Conrado.<\/p>\n<\/blockquote>\n\n\n\n<hr class=\"wp-block-separator has-alpha-channel-opacity\"\/>\n\n\n\n<h2 class=\"wp-block-heading\">\ud83e\udd69 9. Assador Rios \u2014 Parrilla ga\u00facha con vistas al Pan de Az\u00facar<\/h2>\n\n\n\n<figure class=\"wp-block-image alignfull size-large\"><img loading=\"lazy\" decoding=\"async\" width=\"449\" height=\"253\" src=\"https:\/\/viagenselugaress.com\/wp-content\/uploads\/2026\/06\/image-edited.png\" alt=\"\" class=\"wp-image-11094\" title=\"\"><\/figure>\n\n\n\n<p class=\"wp-block-paragraph\">El <strong>Assador Rios<\/strong> une dos mundos aparentemente improbables: parrilla ga\u00facha de alto nivel y una de las vistas m\u00e1s hermosas de R\u00edo de Janeiro. Ubicado en el Parque do Flamengo, con un sal\u00f3n acristalado cuyo dise\u00f1o est\u00e1 inspirado en Burle Marx, el restaurante ofrece vistas directas al Pan de Az\u00facar y a Marina da Gl\u00f3ria.<\/p>\n\n\n\n<p class=\"wp-block-paragraph\">El rodizio incluye decenas de cortes selectos servidos a la plancha, acompa\u00f1ados de un abundante buf\u00e9 de ensaladas, quesos y guarniciones. Es ideal para quienes buscan una comida completa sin renunciar a una vista espectacular, en uno de los barrios mejor ubicados de la Zona Sul.<\/p>\n\n\n\n<ul class=\"wp-block-list\">\n<li>\ud83d\udccd <strong>Direcci\u00f3n:<\/strong> Av. Infante Dom Henrique, s\/n \u2014 Aterro do Flamengo<\/li>\n\n\n\n<li>\u23f0 <strong>Horario:<\/strong> De lunes a s\u00e1bado, de 12:00 a 23:00 | Domingo, de 12:00 a 21:00<\/li>\n\n\n\n<li>\ud83d\udcb0 <strong>Precios:<\/strong> Consulta el precio actual del rodizio en el men\u00fa oficial antes de la visita.<\/li>\n\n\n\n<li>\u2139\ufe0f <strong>Reservas:<\/strong> Recomendadas para grupos<\/li>\n<\/ul>\n\n\n\n<blockquote class=\"wp-block-quote is-layout-flow wp-block-quote-is-layout-flow\">\n<p class=\"wp-block-paragraph\">\ud83d\udca1 <strong>Consejo:<\/strong> Flamengo cuenta con buen acceso en metro (estaciones Largo do Machado o Flamengo). Deja el auto en casa y aprovecha para pasear por el Aterro do Flamengo antes o despu\u00e9s de cenar.<\/p>\n<\/blockquote>\n\n\n\n<hr class=\"wp-block-separator has-alpha-channel-opacity\"\/>\n\n\n\n<h2 class=\"wp-block-heading\">\ud83c\udfe8 10. 23 Ocean Lounge \u2014 El rooftop del Sofitel con Ipanema a tus pies<\/h2>\n\n\n\n<p class=\"wp-block-paragraph\">El <strong>23 Ocean Lounge<\/strong> es el restaurante del rooftop del Sofitel Rio de Janeiro Ipanema y ofrece una de las vistas m\u00e1s cl\u00e1sicas de la ciudad: la playa de Ipanema y el Morro Dois Irm\u00e3os vistos desde arriba, con el mar azul completando el paisaje.<\/p>\n\n\n\n<p class=\"wp-block-paragraph\">Bajo la direcci\u00f3n del chef J\u00earome Dardillac, el men\u00fa combina cocina mediterr\u00e1nea contempor\u00e1nea con mariscos frescos. Destacan el carpaccio de pupu\u00f1a (R$ 46) y el ceviche de salm\u00f3n (R$ 59), excelentes entrantes para compartir antes de un plato principal de carnes y pescados a la parrilla con guarniciones a elegir. Abre todos los d\u00edas, de 8:00 a 00:00, ideal tanto para desayunar con vistas como para cenar al atardecer.<\/p>\n\n\n\n<ul class=\"wp-block-list\">\n<li>\ud83d\udccd <strong>Direcci\u00f3n:<\/strong> Sofitel Rio de Janeiro Ipanema \u2014 Av. Vieira Souto, 320 \u2014 Ipanema<\/li>\n\n\n\n<li>\u23f0 <strong>Horario:<\/strong> Todos los d\u00edas, de 8:00 a 00:00<\/li>\n\n\n\n<li>\ud83d\udcb0 <strong>Precios:<\/strong> Entradas R$ 46\u201380 | Platos principales R$ 80\u2013140 | C\u00f3cteles R$ 40\u201390<\/li>\n\n\n\n<li>\u2139\ufe0f <strong>Reservas:<\/strong> Recomendadas para la cena<\/li>\n\n\n\n<li>\ud83c\udf10 sofitel.com \u2014 busca Sofitel Ipanema Rio<\/li>\n<\/ul>\n\n\n\n<blockquote class=\"wp-block-quote is-layout-flow wp-block-quote-is-layout-flow\">\n<p class=\"wp-block-paragraph\">\ud83d\udca1 <strong>Consejo:<\/strong> La avenida Vieira Souto est\u00e1 frente a la playa de Ipanema. Despu\u00e9s de cenar, baja y disfruta del atardecer en el paseo mar\u00edtimo; consulta nuestra gu\u00eda completa de Ipanema.<\/p>\n<\/blockquote>\n\n\n\n<hr class=\"wp-block-separator has-alpha-channel-opacity\"\/>\n\n\n\n<h2 class=\"wp-block-heading\">\ud83d\uddfa\ufe0f Mapa: d\u00f3nde est\u00e1n los restaurantes con vistas en R\u00edo de Janeiro<\/h2>\n\n\n\n<iframe src=\"https:\/\/www.google.com\/maps\/embed?pb=!1m40!1m8!1m3!1d59113.84!2d-43.18!3d-22.93!3m2!1i1024!2i768!4f13.1!4m29!3e0!4m5!1s0x9bda2a5d9a5f5e7%3A0!2sCl\u00e1ssico+Beach+Club+Urca!3m2!1d-22.9498!2d-43.1649!4m5!1s0x9bda2ac8f8f5e5d%3A0!2sTerra+Brasilis+Urca!3m2!1d-22.9509!2d-43.1687!4m5!1s0x9bda58c6a8b0b0b0%3A0!2sAprazivel+Santa+Teresa!3m2!1d-22.9167!2d-43.1901!4m5!1s0x9bda2a3d3d3d3d3d%3A0!2sBar+da+Laje+Vidigal!3m2!1d-22.9994!2d-43.2325!5e0!3m2!1spt-BR!2sbr!4v1685000000000\" width=\"640\" height=\"480\" style=\"border:0;\" allowfullscreen=\"\" loading=\"lazy\"><\/iframe>\n\n\n\n<hr class=\"wp-block-separator has-alpha-channel-opacity\"\/>\n\n\n\n<h2 class=\"wp-block-heading\">\ud83d\udca1 Consejos generales para disfrutar de los restaurantes con vistas de R\u00edo<\/h2>\n\n\n\n<ol class=\"wp-block-list\">\n<li><strong>Reserva con antelaci\u00f3n<\/strong> los fines de semana, especialmente en Apraz\u00edvel, Terra Brasilis y 23 Ocean Lounge. La alta demanda es real.<\/li>\n\n\n\n<li><strong>Llega temprano<\/strong> a los restaurantes que no aceptan reservas (Terra Brasilis, Cl\u00e1ssico Beach Club, Bar Urca y Bar da Laje): lo ideal es llegar 30\u201340 minutos antes de la apertura.<\/li>\n\n\n\n<li><strong>El atardecer<\/strong> es el momento m\u00e1s concurrido. Si buscas tranquilidad, prefiere el <strong>almuerzo entre semana<\/strong>.<\/li>\n\n\n\n<li><strong>Combina la visita con otros planes<\/strong>: el telef\u00e9rico del Pan de Az\u00facar + Cl\u00e1ssico Beach Club es una de las mejores combinaciones de R\u00edo. Ipanema + 23 Ocean Lounge tambi\u00e9n.<\/li>\n\n\n\n<li><strong>Consulta Duo Gourmet<\/strong> para ahorrar: algunos de estos restaurantes participan en el programa. Consulta la gu\u00eda completa de Duo Gourmet en R\u00edo.<\/li>\n\n\n\n<li><strong>Se acepta vestimenta informal o deportiva<\/strong> en la mayor\u00eda de los lugares, pero los rooftops de hoteles (Vizta, Sky Leme, 23 Ocean y MASI) exigen un estilo un poco m\u00e1s cuidado para la cena.<\/li>\n<\/ol>\n\n\n\n<hr class=\"wp-block-separator has-alpha-channel-opacity\"\/>\n\n\n\n<h2 class=\"wp-block-heading\">\ud83d\udccd \u00bfVale la pena ir a un restaurante con vistas en R\u00edo de Janeiro?<\/h2>\n\n\n\n<p class=\"wp-block-paragraph\">Sin duda. R\u00edo es una de las pocas ciudades del mundo donde el paisaje compite de igual a igual con la comida. Comer frente al Pan de Az\u00facar, la playa de Ipanema o la bah\u00eda de Guanabara es una de las experiencias m\u00e1s memorables que ofrece la ciudad, y no tiene por qu\u00e9 ser caro.<\/p>\n\n\n\n<p class=\"wp-block-paragraph\">Hay opciones gratuitas para llegar (Bar da Laje y Bar Urca), rooftops sofisticados (MASI y 23 Ocean Lounge) y restaurantes para familias (Terra Brasilis). R\u00edo lo tiene todo: solo tienes que elegir lo que mejor combine con tu itinerario.<\/p>\n\n\n\n<p class=\"wp-block-paragraph\">Para organizar tu itinerario completo, consulta nuestra gu\u00eda de itinerarios por R\u00edo de Janeiro d\u00eda a d\u00eda.<\/p>\n\n\n\n<hr class=\"wp-block-separator has-alpha-channel-opacity\"\/>\n\n\n\n<h2 class=\"wp-block-heading\">\u2753 FAQ: restaurantes con vistas en R\u00edo de Janeiro<\/h2>\n\n\n\n<h3 class=\"wp-block-heading\">\u00bfCu\u00e1l es el mejor restaurante con vistas en R\u00edo de Janeiro?<\/h3>\n\n\n\n<p class=\"wp-block-paragraph\">Depende de lo que busques. Para la <strong>vista m\u00e1s espectacular<\/strong>, el <strong>Cl\u00e1ssico Beach Club en el Morro da Urca<\/strong> es imbatible: est\u00e1 en el Pan de Az\u00facar. Para una <strong>gastronom\u00eda premiada con vistas<\/strong>, la elecci\u00f3n es <strong>Apraz\u00edvel en Santa Teresa<\/strong> (Gu\u00eda Michelin 2026). Para disfrutar de una <strong>vista panor\u00e1mica de Copacabana<\/strong>, el <strong>Vizta Rooftop<\/strong>. Para contemplar <strong>Ipanema y Dois Irm\u00e3os<\/strong>, el <strong>23 Ocean Lounge del Sofitel<\/strong>.<\/p>\n\n\n\n<h3 class=\"wp-block-heading\">\u00bfHay alg\u00fan restaurante con vistas en R\u00edo de Janeiro al que se pueda ir sin pagar una entrada cara?<\/h3>\n\n\n\n<p class=\"wp-block-paragraph\">S\u00ed. En el <strong>Bar e Restaurante Urca<\/strong> y el <strong>Terra Brasilis<\/strong> solo pagas lo que consumes. El <strong>Bar da Laje<\/strong>, en Vidigal, cobra una entrada de R$ 50\u201360 \u00fanicamente los s\u00e1bados y domingos con evento. El <strong>Cl\u00e1ssico Beach Club<\/strong>, en el Morro da Urca, exige la entrada del telef\u00e9rico (R$ 160), pero despu\u00e9s no cobra nada adicional para sentarse.<\/p>\n\n\n\n<h3 class=\"wp-block-heading\">\u00bfHay que reservar mesa en los restaurantes con vistas de R\u00edo?<\/h3>\n\n\n\n<p class=\"wp-block-paragraph\">Depende del restaurante. <strong>Apraz\u00edvel<\/strong>, <strong>MASI<\/strong>, <strong>Assador Rios<\/strong> y <strong>23 Ocean Lounge<\/strong> exigen o recomiendan reservar, especialmente los fines de semana. <strong>Terra Brasilis<\/strong>, <strong>Bar Urca<\/strong>, <strong>Bar da Laje<\/strong> y <strong>Cl\u00e1ssico Beach Club<\/strong> no aceptan reservas: las mesas se ocupan por orden de llegada. En estos casos, llega temprano.<\/p>\n\n\n\n<h3 class=\"wp-block-heading\">\u00bfCu\u00e1l es el mejor momento para ir a un restaurante con vistas en R\u00edo?<\/h3>\n\n\n\n<p class=\"wp-block-paragraph\">El <strong>atardecer<\/strong> (entre las 17:00 y las 18:30) es el momento m\u00e1s solicitado y tambi\u00e9n el m\u00e1s bonito. Si quieres tranquilidad y las mejores mesas, prefiere el <strong>almuerzo entre semana<\/strong>. Para noches especiales y disfrutar de la ciudad iluminada, la mejor opci\u00f3n es cenar a partir de las 19:00 en los rooftops de los hoteles.<\/p>\n\n\n\n<h3 class=\"wp-block-heading\">\u00bfQu\u00e9 restaurante con vistas tiene la mejor gastronom\u00eda de R\u00edo?<\/h3>\n\n\n\n<p class=\"wp-block-paragraph\">El <strong>Apraz\u00edvel<\/strong> es el m\u00e1s premiado en el \u00e1mbito gastron\u00f3mico: forma parte de la <strong>Gu\u00eda Michelin 2026<\/strong> y ofrece cocina brasile\u00f1a org\u00e1nica y creativa. El <strong>MASI del Hotel Nacional<\/strong> ofrece lo mejor de la fusi\u00f3n japonesa y mediterr\u00e1nea. El <strong>23 Ocean Lounge del Sofitel<\/strong> destaca por su cocina mediterr\u00e1nea contempor\u00e1nea elaborada con ingredientes frescos.<\/p>\n\n\n\n<h3 class=\"wp-block-heading\">\u00bfC\u00f3mo llegar al Bar da Laje en Vidigal?<\/h3>\n\n\n\n<p class=\"wp-block-paragraph\">Desde la entrada de Vidigal (cerca de la playa de Leblon), toma un mototaxi o una combi (VW-Kombi) de la comunidad. Cuesta entre R$ 10 y R$ 15 y tarda pocos minutos en llegar a la cima. Los residentes y visitantes utilizan regularmente este trayecto. Bar da Laje est\u00e1 en Rua Armando Almeida Lima, 8. Lee m\u00e1s sobre seguridad en R\u00edo de Janeiro para turistas.<\/p>\n\n\n\n<h3 class=\"wp-block-heading\">\u00bfHay alg\u00fan restaurante con vistas en R\u00edo de Janeiro adecuado para ir con ni\u00f1os?<\/h3>\n\n\n\n<p class=\"wp-block-paragraph\">S\u00ed. El <strong>Terra Brasilis<\/strong> en Urca y el <strong>Bar e Restaurante Urca<\/strong> son los m\u00e1s adecuados para familias: tienen espacios abiertos, un men\u00fa variado y un ambiente relajado. El <strong>Cl\u00e1ssico Beach Club<\/strong>, en el Morro da Urca, tambi\u00e9n es una excelente opci\u00f3n familiar y se puede combinar con el recorrido completo del telef\u00e9rico del Pan de Az\u00facar.<\/p>\n\n\n\n<h3 class=\"wp-block-heading\">\u00bfCu\u00e1l es el restaurante con vistas m\u00e1s rom\u00e1ntico de R\u00edo?<\/h3>\n\n\n\n<p class=\"wp-block-paragraph\">Para una cena rom\u00e1ntica, el podio lo ocupan: <strong>Apraz\u00edvel<\/strong> (mesa en el palafito entre \u00e1rboles centenarios con vistas a la bah\u00eda de Guanabara), <strong>23 Ocean Lounge<\/strong> (Ipanema al atardecer) y <strong>MASI<\/strong> (piso 30 con vistas de 180\u00b0 al oc\u00e9ano). Si prefieres un plan m\u00e1s informal e igualmente especial, el <strong>Bar da Laje<\/strong> en Vidigal es inolvidable.<\/p>\n\n\n\n<hr class=\"wp-block-separator has-alpha-channel-opacity\"\/>\n\n\n\n<h2 class=\"wp-block-heading\">\ud83d\udcf2 Planifica tu visita a los restaurantes con vistas de R\u00edo<\/h2>\n\n\n\n<p class=\"wp-block-paragraph\">Ahora que ya tienes la lista completa, es hora de organizar el itinerario. Usa nuestras gu\u00edas para complementar tu experiencia en R\u00edo de Janeiro:<\/p>\n\n\n\n<ul class=\"wp-block-list\">\n<li>\ud83d\uddfa\ufe0f Itinerario por R\u00edo de Janeiro d\u00eda a d\u00eda<\/li>\n\n\n\n<li>\ud83c\udfe8 D\u00f3nde alojarse en R\u00edo de Janeiro: gu\u00eda por barrios<\/li>\n\n\n\n<li>\ud83c\udf0a Playas de R\u00edo de Janeiro: gu\u00eda completa<\/li>\n\n\n\n<li>\ud83c\udf05 Playas de R\u00edo para ver el atardecer<\/li>\n\n\n\n<li>\ud83c\udf7d\ufe0f Gu\u00eda de restaurantes en R\u00edo de Janeiro<\/li>\n\n\n\n<li>\u2615 Desayuno en el Morro da Urca: c\u00f3mo es y cu\u00e1nto cuesta<\/li>\n\n\n\n<li>\ud83c\udfd6\ufe0f Gu\u00eda completa de la playa de Ipanema<\/li>\n\n\n\n<li>\ud83c\udf89 Eventos gratuitos en R\u00edo de Janeiro<\/li>\n\n\n\n<li>\ud83d\udd12 Seguridad en R\u00edo de Janeiro para turistas<\/li>\n\n\n\n<li>\ud83d\ude87 C\u00f3mo utilizar el transporte p\u00fablico en R\u00edo<\/li>\n<\/ul>\n\n\n\n<hr class=\"wp-block-separator has-alpha-channel-opacity\"\/>\n\n\n\n<p class=\"wp-block-paragraph\"><strong>Atenci\u00f3n:<\/strong> los precios y horarios pueden cambiar. Confirma siempre la informaci\u00f3n directamente con los restaurantes antes de visitarlos.<\/p>\n\n\n\n<p class=\"wp-block-paragraph\">\u00bfYa has estado en alguno de estos lugares? Cu\u00e9ntanoslo en los comentarios; nos encanta conocer la experiencia real de quienes visitan R\u00edo.<\/p>\n","protected":false},"excerpt":{"rendered":"<p>\u00daltima actualizaci\u00f3n: 26 de agosto de 2026 Los restaurantes con vistas en R\u00edo de Janeiro est\u00e1n entre las experiencias m\u00e1s memorables que ofrece la\u2026<\/p>\n","protected":false},"author":1,"featured_media":11087,"comment_status":"open","ping_status":"closed","sticky":false,"template":"","format":"standard","meta":{"footnotes":""},"categories":[381],"tags":[],"class_list":["post-11980","post","type-post","status-publish","format-standard","has-post-thumbnail","hentry","category-destinos"],"_wp_attached_file":null,"_wp_attachment_metadata":null,"litespeed-optimize-set":null,"litespeed-optimize-size":null,"_wp_attachment_image_alt":null,"_wp_attachment_context":null,"_oembed_517939d3cc9dbf48615b6e2889d4a244":null,"_wp_attachment_custom_header_last_used_airin-blog":null,"_wp_attachment_is_custom_header":null,"_menu_item_type":null,"_menu_item_menu_item_parent":null,"_menu_item_object_id":null,"_menu_item_object":null,"_menu_item_target":null,"_menu_item_classes":null,"_menu_item_xfn":null,"_menu_item_url":null,"_menu_item_orphaned":null,"_a13_mega_menu":null,"_a13_mm_remove_item":null,"_a13_mm_html":null,"_a13_item_icon":null,"_a13_unlinkable":null,"_a13_mm_columns":null,"obfx_menu_icon":null,"_wp_suggested_privacy_policy_content":null,"_content_layout":null,"_content_padding":null,"_content_side_padding":null,"_widget_area":null,"_sidebar_to_show":null,"_content_under_header":null,"_horizontal_header_show_header_at":null,"_subtitle":null,"_title_bar_settings":null,"_title_bar_position":null,"_title_bar_variant":null,"_title_bar_width":null,"_title_bar_image_fit":null,"_title_bar_parallax":null,"_title_bar_parallax_type":null,"_title_bar_parallax_speed":null,"_title_bar_bg_color":null,"_title_bar_title_color":null,"_title_bar_color_1":null,"_title_bar_space_width":null,"_breadcrumbs":null,"_image_or_video":null,"_image_parallax":null,"_image_parallax_height":null,"_post_video":null,"_page_bg_settings":null,"_page_image":null,"_page_image_fit":null,"_page_bg_color":null,"_content_sticky_one_page":null,"_content_sticky_one_page_bullet_color":null,"_content_sticky_one_page_bullet_icon":null,"_customize_changeset_uuid":null,"_cdp_origin":null,"_cdp_origin_site":null,"_cdp_origin_title":null,"_cdp_counter":null,"_oembed_0da56b064e52548bee4b172d9144e156":null,"blogger_internal":null,"_yoast_wpseo_primary_category":null,"geo_latitude":null,"geo_longitude":null,"geo_public":null,"geo_address":null,"_wp_old_slug":null,"_yoast_wpseo_title":null,"_oembed_be55bbc61146e6c9570114eb3e3c5c63":null,"_oembed_1a17e7f4e63c8b0ab6f7a8ca477b7d7b":null,"_oembed_time_1a17e7f4e63c8b0ab6f7a8ca477b7d7b":null,"_oembed_c354fe654dad148b57583876f93a71e1":null,"_oembed_5a971530bbab3fcfab7b04133b667511":null,"_oembed_time_5a971530bbab3fcfab7b04133b667511":null,"_oembed_2118a9b025e1bcf052d6b45c378d0e8e":null,"_oembed_time_2118a9b025e1bcf052d6b45c378d0e8e":null,"_oembed_dca1c6226f5a6f312fa49536a5de6ef4":null,"_oembed_3d011a5fa68440e94b1d9ef3f55a1a28":null,"_oembed_76383a63f269aec568a5101df5a0d4ff":null,"_oembed_1de83e8f98d64fec8839a376e2e571d3":null,"_oembed_c423e8dad63f56306cc570c9d90d7629":null,"_oembed_dbed336c6f6fb2066d5d9f98cd088d5f":null,"_oembed_389824ac2741b7d941a2cac20414b848":null,"_oembed_87baaa5f33e01b9a420f6122687fa003":null,"_wp_desired_post_slug":null,"blogger_permalink":null,"blogger_blog":null,"blogger_author":null,"_edit_lock":"1788121546:1","_wp_trash_meta_status":null,"_wp_trash_meta_time":null,"_elementor_edit_mode":null,"_elementor_template_type":null,"_elementor_css":null,"_wp_old_date":null,"_wp_page_template":null,"_edit_last":"1","chromenews-meta-content-alignment":null,"chromenews-meta-content-mode":null,"_yoast_wpseo_content_score":null,"_yoast_wpseo_estimated-reading-time-minutes":null,"_elementor_version":null,"_elementor_data":null,"_elementor_controls_usage":null,"_elementor_page_assets":null,"_elementor_element_cache":null,"_yoast_wpseo_metadesc":null,"_yoast_wpseo_focuskw":null,"_yoast_wpseo_linkdex":null,"views_count":null,"obfx-header-scripts":null,"obfx-footer-scripts":null,"_elementor_page_settings":null,"_thumbnail_id":"11087","_links":{"self":[{"href":"https:\/\/viagenselugaress.com\/es\/wp-json\/wp\/v2\/posts\/11980","targetHints":{"allow":["GET"]}}],"collection":[{"href":"https:\/\/viagenselugaress.com\/es\/wp-json\/wp\/v2\/posts"}],"about":[{"href":"https:\/\/viagenselugaress.com\/es\/wp-json\/wp\/v2\/types\/post"}],"author":[{"embeddable":true,"href":"https:\/\/viagenselugaress.com\/es\/wp-json\/wp\/v2\/users\/1"}],"replies":[{"embeddable":true,"href":"https:\/\/viagenselugaress.com\/es\/wp-json\/wp\/v2\/comments?post=11980"}],"version-history":[{"count":4,"href":"https:\/\/viagenselugaress.com\/es\/wp-json\/wp\/v2\/posts\/11980\/revisions"}],"predecessor-version":[{"id":11995,"href":"https:\/\/viagenselugaress.com\/es\/wp-json\/wp\/v2\/posts\/11980\/revisions\/11995"}],"wp:featuredmedia":[{"embeddable":true,"href":"https:\/\/viagenselugaress.com\/es\/wp-json\/wp\/v2\/media\/11087"}],"wp:attachment":[{"href":"https:\/\/viagenselugaress.com\/es\/wp-json\/wp\/v2\/media?parent=11980"}],"wp:term":[{"taxonomy":"category","embeddable":true,"href":"https:\/\/viagenselugaress.com\/es\/wp-json\/wp\/v2\/categories?post=11980"},{"taxonomy":"post_tag","embeddable":true,"href":"https:\/\/viagenselugaress.com\/es\/wp-json\/wp\/v2\/tags?post=11980"}],"curies":[{"name":"wp","href":"https:\/\/api.w.org\/{rel}","templated":true}]}}